{"id":205981,"date":"2021-04-29T12:13:26","date_gmt":"2021-04-29T15:13:26","guid":{"rendered":"https:\/\/www.redenoticia.com.br\/noticia\/?p=205981"},"modified":"2021-04-29T12:13:26","modified_gmt":"2021-04-29T15:13:26","slug":"resumo-salve-se-quem-puder-30-04-mario-recebe-proposta-para-trabalhar-em-sao-paulo","status":"publish","type":"post","link":"https:\/\/migracao.redenoticia.com.br\/noticia\/2021\/resumo-salve-se-quem-puder-30-04-mario-recebe-proposta-para-trabalhar-em-sao-paulo\/205981","title":{"rendered":"Resumo \u201cSalve-se Quem Puder\u201d 30\/04: M\u00e1rio recebe proposta para trabalhar em S\u00e3o Paulo"},"content":{"rendered":"<p><img loading=\"lazy\" decoding=\"async\" src=\"https:\/\/migracao.redenoticia.com.br\/noticia\/imagens\/resumo-salve-se-quem-puder-resumo-novela-das-sete-novela-da-globo.jpg\" alt=\"\" width=\"1280\" height=\"720\" class=\"aligncenter size-full wp-image-195141\" srcset=\"https:\/\/migracao.redenoticia.com.br\/noticia\/imagens\/resumo-salve-se-quem-puder-resumo-novela-das-sete-novela-da-globo.jpg 1280w, https:\/\/migracao.redenoticia.com.br\/noticia\/imagens\/resumo-salve-se-quem-puder-resumo-novela-das-sete-novela-da-globo-250x140.jpg 250w, https:\/\/migracao.redenoticia.com.br\/noticia\/imagens\/resumo-salve-se-quem-puder-resumo-novela-das-sete-novela-da-globo-400x225.jpg 400w, https:\/\/migracao.redenoticia.com.br\/noticia\/imagens\/resumo-salve-se-quem-puder-resumo-novela-das-sete-novela-da-globo-768x432.jpg 768w, https:\/\/migracao.redenoticia.com.br\/noticia\/imagens\/resumo-salve-se-quem-puder-resumo-novela-das-sete-novela-da-globo-150x85.jpg 150w, https:\/\/migracao.redenoticia.com.br\/noticia\/imagens\/resumo-salve-se-quem-puder-resumo-novela-das-sete-novela-da-globo-696x392.jpg 696w, https:\/\/migracao.redenoticia.com.br\/noticia\/imagens\/resumo-salve-se-quem-puder-resumo-novela-das-sete-novela-da-globo-1068x601.jpg 1068w\" sizes=\"auto, (max-width: 1280px) 100vw, 1280px\" \/><\/p>\n<p><em><strong>Resumo novela \u201cSalve-se Quem Puder\u201d<\/strong><\/em> em 30\/04: no cap\u00edtulo 035(*) da novela, T\u00e9o se surpreende com a rea\u00e7\u00e3o de \u00darsula, que promete provar que Luna\/Fiona \u00e9 interesseira. Bel percebe que Edgar est\u00e1 interessado em Ermelinda. Dominique fica furiosa ao ser amea\u00e7ada por L\u00facia. Helena ampara \u00darsula. Rafael sugere a J\u00fanior que Agnes participe da sess\u00e3o espiritual para entrar em contato com Kyra.<\/p>\n<p>Graziela nota que Alan est\u00e1 interessado em Kyra\/Cleyde, e avisa a Petra. Ivo flagra Zezinho e Alexia em trajes \u00edntimos no s\u00edtio e questiona a atitude do filho de Ermelinda. \u00darsula amea\u00e7a Luna\/Fiona.<\/p>\n<p>Vicky fica assustada ao ver Luna\/Fiona sendo destratada por \u00darsula. T\u00e9o fica indignado ao saber que Helena investigou Luna\/Fiona. Micaela se encanta por Bruno. Vicky alerta Micaela para o mau desempenho de Bruno no restaurante. Dominique planeja tirar todos os clientes da Labrador. Helena repreende \u00darsula e percebe que ela voltou a tomar os calmantes. Renzo leva L\u00facia para conhecer a Labrador.<\/p>\n<p>T\u00e9o impede que Luna\/Fiona seja demitida do restaurante. M\u00e1rio incentiva Juan a namorar Gabi. Kyra\/Cleyde fica sem gra\u00e7a com o olhar de Alan. M\u00e1rio conta a Juan que o dono do hotel quer contrat\u00e1-lo como chef de um restaurante em S\u00e3o Paulo.<\/p>\n<p>(*) edi\u00e7\u00e3o das novelas da Globo, \u201cSalve-se Quem Puder\u201d, sujeito a altera\u00e7\u00e3o de data e conte\u00fado.<\/p>\n<p>Sinopse \u201cSalve-se Quem Puder\u201d: Tr\u00eas mulheres com novas identidades e uma \u00fanica certeza: suas vidas est\u00e3o entrela\u00e7adas para sempre. Salve-se Quem Puder conta a hist\u00f3ria de Alexia (Deborah Secco), Luna (Juliana Paiva) e Kyra (Vit\u00f3ria Strada), que ingressam no Programa de Prote\u00e7\u00e3o \u00e0 Testemunha e mudam de vida ap\u00f3s presenciarem um crime. Para sobreviver, elas mudam o nome, a apar\u00eancia, o estilo de vida e v\u00e3o morar na fict\u00edcia Judas do Norte, no interior de S\u00e3o Paulo, depois que s\u00e3o dadas como mortas.<\/p>\n<p>Alexia vira Josimara, Luna assume o nome de Fiona e Kyra \u00e9 Cleyde, novas pessoas com um padr\u00e3o de vida bem diferente. Elas ser\u00e3o acolhidas por uma fam\u00edlia protetora &#8211; que n\u00e3o sabe nada sobre o passado delas &#8211; e v\u00e3o precisar seguir regras r\u00edgidas para permanecerem no programa. A primeira delas \u00e9 a interrup\u00e7\u00e3o imediata de qualquer tipo de contato com conhecidos, por isso, celulares e redes sociais s\u00e3o proibidos, assim como frequentar os mesmos lugares e cultivar h\u00e1bitos do passado.<\/p>\n","protected":false},"excerpt":{"rendered":"<p>Resumo novela \u201cSalve-se Quem Puder\u201d em 30\/04: no cap\u00edtulo 035(*) da novela, T\u00e9o se surpreende com a rea\u00e7\u00e3o de \u00darsula, que promete provar que Luna\/Fiona \u00e9 interesseira. Bel percebe que Edgar est\u00e1 interessado em Ermelinda. Dominique fica furiosa ao ser amea\u00e7ada por L\u00facia. Helena ampara \u00darsula. Rafael sugere a J\u00fanior que Agnes participe da sess\u00e3o [&hellip;]<\/p>\n","protected":false},"author":4,"featured_media":195141,"comment_status":"closed","ping_status":"closed","sticky":false,"template":"","format":"standard","meta":{"tdm_status":"","tdm_grid_status":"","footnotes":""},"categories":[379,375,2025,553,343],"tags":[441],"class_list":{"0":"post-205981","1":"post","2":"type-post","3":"status-publish","4":"format-standard","5":"has-post-thumbnail","7":"category-novelas","8":"category-rede-globo","9":"category-resumo","10":"category-salve-se-quem-puder","11":"category-televisao","12":"tag-resumo-do-dia"},"_links":{"self":[{"href":"https:\/\/migracao.redenoticia.com.br\/noticia\/wp-json\/wp\/v2\/posts\/205981","targetHints":{"allow":["GET"]}}],"collection":[{"href":"https:\/\/migracao.redenoticia.com.br\/noticia\/wp-json\/wp\/v2\/posts"}],"about":[{"href":"https:\/\/migracao.redenoticia.com.br\/noticia\/wp-json\/wp\/v2\/types\/post"}],"author":[{"embeddable":true,"href":"https:\/\/migracao.redenoticia.com.br\/noticia\/wp-json\/wp\/v2\/users\/4"}],"replies":[{"embeddable":true,"href":"https:\/\/migracao.redenoticia.com.br\/noticia\/wp-json\/wp\/v2\/comments?post=205981"}],"version-history":[{"count":0,"href":"https:\/\/migracao.redenoticia.com.br\/noticia\/wp-json\/wp\/v2\/posts\/205981\/revisions"}],"wp:featuredmedia":[{"embeddable":true,"href":"https:\/\/migracao.redenoticia.com.br\/noticia\/wp-json\/wp\/v2\/media\/195141"}],"wp:attachment":[{"href":"https:\/\/migracao.redenoticia.com.br\/noticia\/wp-json\/wp\/v2\/media?parent=205981"}],"wp:term":[{"taxonomy":"category","embeddable":true,"href":"https:\/\/migracao.redenoticia.com.br\/noticia\/wp-json\/wp\/v2\/categories?post=205981"},{"taxonomy":"post_tag","embeddable":true,"href":"https:\/\/migracao.redenoticia.com.br\/noticia\/wp-json\/wp\/v2\/tags?post=205981"}],"curies":[{"name":"wp","href":"https:\/\/api.w.org\/{rel}","templated":true}]}}