{"id":206188,"date":"2021-05-05T08:29:50","date_gmt":"2021-05-05T11:29:50","guid":{"rendered":"https:\/\/www.redenoticia.com.br\/noticia\/?p=206188"},"modified":"2021-05-05T08:29:50","modified_gmt":"2021-05-05T11:29:50","slug":"resumo-tititi-06-05-jacques-liga-para-suzana-e-ariclenes-atende","status":"publish","type":"post","link":"https:\/\/migracao.redenoticia.com.br\/noticia\/2021\/resumo-tititi-06-05-jacques-liga-para-suzana-e-ariclenes-atende\/206188","title":{"rendered":"Resumo \u201cTiTiTi\u201d 06\/05: Jacques liga para Suzana e Ariclenes atende"},"content":{"rendered":"<p> <img loading=\"lazy\" decoding=\"async\" src=\"https:\/\/migracao.redenoticia.com.br\/noticia\/imagens\/tititi-elenco-personagens.jpeg\" alt=\"\" width=\"1280\" height=\"720\" class=\"aligncenter size-full wp-image-204657\" srcset=\"https:\/\/migracao.redenoticia.com.br\/noticia\/imagens\/tititi-elenco-personagens.jpeg 1280w, https:\/\/migracao.redenoticia.com.br\/noticia\/imagens\/tititi-elenco-personagens-250x140.jpeg 250w, https:\/\/migracao.redenoticia.com.br\/noticia\/imagens\/tititi-elenco-personagens-400x225.jpeg 400w, https:\/\/migracao.redenoticia.com.br\/noticia\/imagens\/tititi-elenco-personagens-768x432.jpeg 768w, https:\/\/migracao.redenoticia.com.br\/noticia\/imagens\/tititi-elenco-personagens-150x85.jpeg 150w\" sizes=\"auto, (max-width: 1280px) 100vw, 1280px\" \/><\/p>\n<p><em><strong>Resumo da novela \u201cTiTiTi\u201d<\/strong><\/em> em 06\/05: no cap\u00edtulo 029(*) da novela, Dona Mocinha expulsa St\u00e9fany de sua casa, mas ela a amea\u00e7a. Rebeca encontra a empresa de manuten\u00e7\u00e3o funcionando no suposto endere\u00e7o fantasma e Gino n\u00e3o se conforma. Amanda convida Giancarlo para jantar. Stela seleciona vestidos de Jacques para uma cliente. A febre de Lipe passa e Julia acredita que a reza de Jaqueline o curou. Rebeca discute com Gino e Breno comemora.<\/p>\n<p>Julinho acompanha Bruna em uma sess\u00e3o de quimioterapia. Ariclenes acha que Suzana est\u00e1 envolvida com Jacques e tira satisfa\u00e7\u00e3o com a ex-mulher. Edgar procura Camila para conversar, mas n\u00e3o tem coragem de terminar o noivado. Jaqueline leva Tha\u00edsa para ver o pai na f\u00e1brica e ela se exibe para os oper\u00e1rios. Ariclenes tenta falar com Suzana, mas \u00e9 barrado na portaria da editora.<\/p>\n<p>Jorgito chega ao hotel com Desir\u00e9e e Armandinho provoca a maior confus\u00e3o no hotel. Jacques prop\u00f5e que Gigi deixe Gast\u00e3ozinho Malta para ficar com ele. Suzana recebe Ariclenes em seu apartamento e jura que n\u00e3o est\u00e1 com Jacques. Jacques liga para Suzana e Ariclenes atende.<\/p>\n<p>(*) edi\u00e7\u00e3o das novelas da Globo, \u201cTiTiTi\u201d, sujeito a altera\u00e7\u00e3o de data e conte\u00fado.<\/p>\n<p>Sinopse &#8220;TiTiTi&#8221;: Alexandre Borges e Murilo Ben\u00edcio interpretam os rivais da hist\u00f3ria, respectivamente Jacques Leclair e Victor Valentim, que passam a novela inteira se digladiando para ver quem sobressai no mundo na moda como estilista bem-sucedido, com o nome transformado em grife e as cole\u00e7\u00f5es desfiladas nas grandes semanas de moda e fotografadas para as revistas de celebridades.<\/p>\n","protected":false},"excerpt":{"rendered":"<p>Resumo da novela \u201cTiTiTi\u201d em 06\/05: no cap\u00edtulo 029(*) da novela, Dona Mocinha expulsa St\u00e9fany de sua casa, mas ela a amea\u00e7a. Rebeca encontra a empresa de manuten\u00e7\u00e3o funcionando no suposto endere\u00e7o fantasma e Gino n\u00e3o se conforma. Amanda convida Giancarlo para jantar. Stela seleciona vestidos de Jacques para uma cliente. A febre de Lipe [&hellip;]<\/p>\n","protected":false},"author":2,"featured_media":204655,"comment_status":"closed","ping_status":"closed","sticky":false,"template":"","format":"standard","meta":{"tdm_status":"","tdm_grid_status":"","footnotes":""},"categories":[379,375,2025,343,2193],"tags":[441],"class_list":{"0":"post-206188","1":"post","2":"type-post","3":"status-publish","4":"format-standard","5":"has-post-thumbnail","7":"category-novelas","8":"category-rede-globo","9":"category-resumo","10":"category-televisao","11":"category-tititi","12":"tag-resumo-do-dia"},"_links":{"self":[{"href":"https:\/\/migracao.redenoticia.com.br\/noticia\/wp-json\/wp\/v2\/posts\/206188","targetHints":{"allow":["GET"]}}],"collection":[{"href":"https:\/\/migracao.redenoticia.com.br\/noticia\/wp-json\/wp\/v2\/posts"}],"about":[{"href":"https:\/\/migracao.redenoticia.com.br\/noticia\/wp-json\/wp\/v2\/types\/post"}],"author":[{"embeddable":true,"href":"https:\/\/migracao.redenoticia.com.br\/noticia\/wp-json\/wp\/v2\/users\/2"}],"replies":[{"embeddable":true,"href":"https:\/\/migracao.redenoticia.com.br\/noticia\/wp-json\/wp\/v2\/comments?post=206188"}],"version-history":[{"count":0,"href":"https:\/\/migracao.redenoticia.com.br\/noticia\/wp-json\/wp\/v2\/posts\/206188\/revisions"}],"wp:featuredmedia":[{"embeddable":true,"href":"https:\/\/migracao.redenoticia.com.br\/noticia\/wp-json\/wp\/v2\/media\/204655"}],"wp:attachment":[{"href":"https:\/\/migracao.redenoticia.com.br\/noticia\/wp-json\/wp\/v2\/media?parent=206188"}],"wp:term":[{"taxonomy":"category","embeddable":true,"href":"https:\/\/migracao.redenoticia.com.br\/noticia\/wp-json\/wp\/v2\/categories?post=206188"},{"taxonomy":"post_tag","embeddable":true,"href":"https:\/\/migracao.redenoticia.com.br\/noticia\/wp-json\/wp\/v2\/tags?post=206188"}],"curies":[{"name":"wp","href":"https:\/\/api.w.org\/{rel}","templated":true}]}}