{"id":206265,"date":"2021-05-06T19:19:54","date_gmt":"2021-05-06T22:19:54","guid":{"rendered":"https:\/\/www.redenoticia.com.br\/noticia\/?p=206265"},"modified":"2021-05-06T19:19:54","modified_gmt":"2021-05-06T22:19:54","slug":"resumo-imperio-07-05-joao-lucas-descobre-o-apartamento-de-maria-isis","status":"publish","type":"post","link":"https:\/\/migracao.redenoticia.com.br\/noticia\/2021\/resumo-imperio-07-05-joao-lucas-descobre-o-apartamento-de-maria-isis\/206265","title":{"rendered":"Resumo \u201cImp\u00e9rio\u201d 07\/05: Jo\u00e3o Lucas descobre o apartamento de Maria \u00cdsis"},"content":{"rendered":"<p><img loading=\"lazy\" decoding=\"async\" class=\"aligncenter size-full wp-image-205063\" src=\"https:\/\/migracao.redenoticia.com.br\/noticia\/imagens\/novela-imperio-resumo-elenco.jpeg\" alt=\"\" width=\"1280\" height=\"720\" srcset=\"https:\/\/migracao.redenoticia.com.br\/noticia\/imagens\/novela-imperio-resumo-elenco.jpeg 1280w, https:\/\/migracao.redenoticia.com.br\/noticia\/imagens\/novela-imperio-resumo-elenco-250x140.jpeg 250w, https:\/\/migracao.redenoticia.com.br\/noticia\/imagens\/novela-imperio-resumo-elenco-400x225.jpeg 400w, https:\/\/migracao.redenoticia.com.br\/noticia\/imagens\/novela-imperio-resumo-elenco-768x432.jpeg 768w, https:\/\/migracao.redenoticia.com.br\/noticia\/imagens\/novela-imperio-resumo-elenco-150x85.jpeg 150w\" sizes=\"auto, (max-width: 1280px) 100vw, 1280px\" \/><\/p>\n<p><em><strong>Resumo novela \u201cImp\u00e9rio\u201d<\/strong><\/em> em 07\/05: no cap\u00edtulo 023(*) da novela, Magn\u00f3lia obriga Maria \u00cdsis a beber um preparado para aumentar sua fertilidade. Cristina d\u00e1 in\u00edcio \u00e0s obras do camel\u00f3dromo. Elivaldo descobre que n\u00e3o deixar\u00e1 a pris\u00e3o na data prevista. Jo\u00e3o Lucas autoriza a confec\u00e7\u00e3o da nova cole\u00e7\u00e3o de joias. Maria \u00cdsis liga para Jos\u00e9 Alfredo e fala com Jo\u00e3o Lucas sem saber. Lorraine tenta descobrir o endere\u00e7o de Maria Marta com Cora.<\/p>\n<p>Jos\u00e9 Pedro recebe not\u00edcias do pai e as repassa para Silviano. Jos\u00e9 Alfredo se emociona com a presen\u00e7a dos filhos. Jo\u00e3o Lucas descobre o apartamento de Maria \u00cdsis. Kelly v\u00ea Jo\u00e3o Lucas e se apavora. Jos\u00e9 Alfredo fala com Maria \u00cdsis. Silviano avisa a Maria Marta que ela n\u00e3o conseguir\u00e1 viajar para Roraima. Jo\u00e3o Lucas observa a m\u00e3e.<\/p>\n<p>(*) edi\u00e7\u00e3o das novelas da Globo, \u201cImp\u00e9rio\u201d, sujeito a altera\u00e7\u00e3o de data e conte\u00fado.<\/p>\n<p>Sinopse Novela &#8220;Imp\u00e9rio&#8221;: hist\u00f3ria do pernambucano Jos\u00e9 Alfredo de Medeiros (Chay Suede\/Alexandre Nero), o homem de preto. Dono de uma rede de joalherias, o Comendador tem tr\u00eas filhos com a aristocrata falida Maria Marta Mendon\u00e7a e Albuquerque (Adriana Birolli\/Lilia Cabral): Jos\u00e9 Pedro (Caio Blat), Maria Clara (Andreia Horta) e Jo\u00e3o Lucas (Daniel Rocha). Os tr\u00eas disputam a heran\u00e7a da empresa constru\u00edda pelo pai.<\/p>\n","protected":false},"excerpt":{"rendered":"<p>Resumo novela \u201cImp\u00e9rio\u201d em 07\/05: no cap\u00edtulo 023(*) da novela, Magn\u00f3lia obriga Maria \u00cdsis a beber um preparado para aumentar sua fertilidade. Cristina d\u00e1 in\u00edcio \u00e0s obras do camel\u00f3dromo. Elivaldo descobre que n\u00e3o deixar\u00e1 a pris\u00e3o na data prevista. Jo\u00e3o Lucas autoriza a confec\u00e7\u00e3o da nova cole\u00e7\u00e3o de joias. Maria \u00cdsis liga para Jos\u00e9 Alfredo [&hellip;]<\/p>\n","protected":false},"author":2,"featured_media":205061,"comment_status":"closed","ping_status":"closed","sticky":false,"template":"","format":"standard","meta":{"tdm_status":"","tdm_grid_status":"","footnotes":""},"categories":[2196,379,375,2025,343],"tags":[441],"class_list":{"0":"post-206265","1":"post","2":"type-post","3":"status-publish","4":"format-standard","5":"has-post-thumbnail","7":"category-imperio","8":"category-novelas","9":"category-rede-globo","10":"category-resumo","11":"category-televisao","12":"tag-resumo-do-dia"},"_links":{"self":[{"href":"https:\/\/migracao.redenoticia.com.br\/noticia\/wp-json\/wp\/v2\/posts\/206265","targetHints":{"allow":["GET"]}}],"collection":[{"href":"https:\/\/migracao.redenoticia.com.br\/noticia\/wp-json\/wp\/v2\/posts"}],"about":[{"href":"https:\/\/migracao.redenoticia.com.br\/noticia\/wp-json\/wp\/v2\/types\/post"}],"author":[{"embeddable":true,"href":"https:\/\/migracao.redenoticia.com.br\/noticia\/wp-json\/wp\/v2\/users\/2"}],"replies":[{"embeddable":true,"href":"https:\/\/migracao.redenoticia.com.br\/noticia\/wp-json\/wp\/v2\/comments?post=206265"}],"version-history":[{"count":0,"href":"https:\/\/migracao.redenoticia.com.br\/noticia\/wp-json\/wp\/v2\/posts\/206265\/revisions"}],"wp:featuredmedia":[{"embeddable":true,"href":"https:\/\/migracao.redenoticia.com.br\/noticia\/wp-json\/wp\/v2\/media\/205061"}],"wp:attachment":[{"href":"https:\/\/migracao.redenoticia.com.br\/noticia\/wp-json\/wp\/v2\/media?parent=206265"}],"wp:term":[{"taxonomy":"category","embeddable":true,"href":"https:\/\/migracao.redenoticia.com.br\/noticia\/wp-json\/wp\/v2\/categories?post=206265"},{"taxonomy":"post_tag","embeddable":true,"href":"https:\/\/migracao.redenoticia.com.br\/noticia\/wp-json\/wp\/v2\/tags?post=206265"}],"curies":[{"name":"wp","href":"https:\/\/api.w.org\/{rel}","templated":true}]}}