{"id":206267,"date":"2021-05-06T19:16:41","date_gmt":"2021-05-06T22:16:41","guid":{"rendered":"https:\/\/www.redenoticia.com.br\/noticia\/?p=206267"},"modified":"2021-05-06T19:16:41","modified_gmt":"2021-05-06T22:16:41","slug":"resumo-tititi-07-05-ariclenes-tenta-descobrir-algo-sobre-o-passado-de-cecilia","status":"publish","type":"post","link":"https:\/\/migracao.redenoticia.com.br\/noticia\/2021\/resumo-tititi-07-05-ariclenes-tenta-descobrir-algo-sobre-o-passado-de-cecilia\/206267","title":{"rendered":"Resumo \u201cTiTiTi\u201d 07\/05: Ariclenes tenta descobrir algo sobre o passado de Cec\u00edlia"},"content":{"rendered":"<p> <img loading=\"lazy\" decoding=\"async\" src=\"https:\/\/migracao.redenoticia.com.br\/noticia\/imagens\/tititi-elenco-personagens.jpeg\" alt=\"\" width=\"1280\" height=\"720\" class=\"aligncenter size-full wp-image-204657\" srcset=\"https:\/\/migracao.redenoticia.com.br\/noticia\/imagens\/tititi-elenco-personagens.jpeg 1280w, https:\/\/migracao.redenoticia.com.br\/noticia\/imagens\/tititi-elenco-personagens-250x140.jpeg 250w, https:\/\/migracao.redenoticia.com.br\/noticia\/imagens\/tititi-elenco-personagens-400x225.jpeg 400w, https:\/\/migracao.redenoticia.com.br\/noticia\/imagens\/tititi-elenco-personagens-768x432.jpeg 768w, https:\/\/migracao.redenoticia.com.br\/noticia\/imagens\/tititi-elenco-personagens-150x85.jpeg 150w\" sizes=\"auto, (max-width: 1280px) 100vw, 1280px\" \/><\/p>\n<p><em><strong>Resumo da novela \u201cTiTiTi\u201d<\/strong><\/em> em 07\/05: no cap\u00edtulo 030(*) da novela, Rebeca conversa com Jaqueline sobre a suposta sabotagem na f\u00e1brica e pede que ela n\u00e3o comente com Breno. Julinho conhece Dr. Eduardo e lembra de Osmar. Giancarlo n\u00e3o aparece para jantar com Amanda. Armandinho volta para S\u00e3o Paulo arrasado e \u00e9 consolado por St\u00e9fany. Jaqueline descobre que Breno tem dinheiro depositado no exterior.<\/p>\n<p>Armandinho comunica a Gino e Nicole que est\u00e1 namorando St\u00e9fany. Wagner avisa a Luisa que Desir\u00e9e foi embora do Rio de Janeiro sem concluir o ensaio fotogr\u00e1fico. Bruna que a Gustavo que continuar\u00e1 o trabalho de Osmar com as crian\u00e7as no hospital. Jacques convida Suzana para jantar. Jacques ouve quando Help sugere que Luiza Brunet use um vestido de Victor Valentim.<\/p>\n<p>Desir\u00e9e diz a Nicole que decidiu largar sua carreira de modelo para casar com Armandinho. Ariclenes tenta descobrir algo sobre o passado de Cec\u00edlia. Luti encontra Valqu\u00edria na faculdade. Jacqueline afirma a Jacques que sabe quem pode conseguir uma foto de Victor Valentim.<\/p>\n<p>(*) edi\u00e7\u00e3o das novelas da Globo, \u201cTiTiTi\u201d, sujeito a altera\u00e7\u00e3o de data e conte\u00fado.<\/p>\n<p>Sinopse &#8220;TiTiTi&#8221;: Alexandre Borges e Murilo Ben\u00edcio interpretam os rivais da hist\u00f3ria, respectivamente Jacques Leclair e Victor Valentim, que passam a novela inteira se digladiando para ver quem sobressai no mundo na moda como estilista bem-sucedido, com o nome transformado em grife e as cole\u00e7\u00f5es desfiladas nas grandes semanas de moda e fotografadas para as revistas de celebridades.<\/p>\n","protected":false},"excerpt":{"rendered":"<p>Resumo da novela \u201cTiTiTi\u201d em 07\/05: no cap\u00edtulo 030(*) da novela, Rebeca conversa com Jaqueline sobre a suposta sabotagem na f\u00e1brica e pede que ela n\u00e3o comente com Breno. Julinho conhece Dr. Eduardo e lembra de Osmar. Giancarlo n\u00e3o aparece para jantar com Amanda. Armandinho volta para S\u00e3o Paulo arrasado e \u00e9 consolado por St\u00e9fany. [&hellip;]<\/p>\n","protected":false},"author":2,"featured_media":204655,"comment_status":"closed","ping_status":"closed","sticky":false,"template":"","format":"standard","meta":{"tdm_status":"","tdm_grid_status":"","footnotes":""},"categories":[379,375,2025,343,2193],"tags":[441],"class_list":{"0":"post-206267","1":"post","2":"type-post","3":"status-publish","4":"format-standard","5":"has-post-thumbnail","7":"category-novelas","8":"category-rede-globo","9":"category-resumo","10":"category-televisao","11":"category-tititi","12":"tag-resumo-do-dia"},"_links":{"self":[{"href":"https:\/\/migracao.redenoticia.com.br\/noticia\/wp-json\/wp\/v2\/posts\/206267","targetHints":{"allow":["GET"]}}],"collection":[{"href":"https:\/\/migracao.redenoticia.com.br\/noticia\/wp-json\/wp\/v2\/posts"}],"about":[{"href":"https:\/\/migracao.redenoticia.com.br\/noticia\/wp-json\/wp\/v2\/types\/post"}],"author":[{"embeddable":true,"href":"https:\/\/migracao.redenoticia.com.br\/noticia\/wp-json\/wp\/v2\/users\/2"}],"replies":[{"embeddable":true,"href":"https:\/\/migracao.redenoticia.com.br\/noticia\/wp-json\/wp\/v2\/comments?post=206267"}],"version-history":[{"count":0,"href":"https:\/\/migracao.redenoticia.com.br\/noticia\/wp-json\/wp\/v2\/posts\/206267\/revisions"}],"wp:featuredmedia":[{"embeddable":true,"href":"https:\/\/migracao.redenoticia.com.br\/noticia\/wp-json\/wp\/v2\/media\/204655"}],"wp:attachment":[{"href":"https:\/\/migracao.redenoticia.com.br\/noticia\/wp-json\/wp\/v2\/media?parent=206267"}],"wp:term":[{"taxonomy":"category","embeddable":true,"href":"https:\/\/migracao.redenoticia.com.br\/noticia\/wp-json\/wp\/v2\/categories?post=206267"},{"taxonomy":"post_tag","embeddable":true,"href":"https:\/\/migracao.redenoticia.com.br\/noticia\/wp-json\/wp\/v2\/tags?post=206267"}],"curies":[{"name":"wp","href":"https:\/\/api.w.org\/{rel}","templated":true}]}}