{"id":206269,"date":"2021-05-06T19:13:40","date_gmt":"2021-05-06T22:13:40","guid":{"rendered":"https:\/\/www.redenoticia.com.br\/noticia\/?p=206269"},"modified":"2021-05-06T19:13:40","modified_gmt":"2021-05-06T22:13:40","slug":"resumo-chiquititas-07-05-vivi-diz-que-sente-falta-da-irma","status":"publish","type":"post","link":"https:\/\/migracao.redenoticia.com.br\/noticia\/2021\/resumo-chiquititas-07-05-vivi-diz-que-sente-falta-da-irma\/206269","title":{"rendered":"Resumo \u201cChiquititas\u201d 07\/05: Vivi diz que sente falta da irm\u00e3"},"content":{"rendered":"<p> <img loading=\"lazy\" decoding=\"async\" class=\"aligncenter size-full wp-image-195897\" src=\"https:\/\/migracao.redenoticia.com.br\/noticia\/imagens\/chiquititas-resumo-sinopse.jpg\" alt=\"\" width=\"1280\" height=\"720\" srcset=\"https:\/\/migracao.redenoticia.com.br\/noticia\/imagens\/chiquititas-resumo-sinopse.jpg 1280w, https:\/\/migracao.redenoticia.com.br\/noticia\/imagens\/chiquititas-resumo-sinopse-250x140.jpg 250w, https:\/\/migracao.redenoticia.com.br\/noticia\/imagens\/chiquititas-resumo-sinopse-400x225.jpg 400w, https:\/\/migracao.redenoticia.com.br\/noticia\/imagens\/chiquititas-resumo-sinopse-768x432.jpg 768w, https:\/\/migracao.redenoticia.com.br\/noticia\/imagens\/chiquititas-resumo-sinopse-150x85.jpg 150w, https:\/\/migracao.redenoticia.com.br\/noticia\/imagens\/chiquititas-resumo-sinopse-696x392.jpg 696w, https:\/\/migracao.redenoticia.com.br\/noticia\/imagens\/chiquititas-resumo-sinopse-1068x601.jpg 1068w\" sizes=\"auto, (max-width: 1280px) 100vw, 1280px\" \/><\/p>\n<p><strong><em>Resumo da novela \u201cChiquititas\u201d<\/em><\/strong> em 07\/05: no cap\u00edtulo 230(*) da novela, Armando convence Gabriela, que pensa se chamar Sofia, a viajar at\u00e9 o interior. Carol pede para o advogado dar entrada no pedido de guarda da Dani. Gabriela entra no carro e enquanto Armando coloca as coisas no porta-malas, Miguel aparece, entra no carro e sai com Gabriela. Miguel pede para Gabriela confiar nele. Shirley lembra de varias coisas e chega a conclus\u00e3o que C\u00edcero (Ernando Tiago) \u00e9 o pai de Vivi e Tati. C\u00edcero explica tudo o que aconteceu no passado e pede compreens\u00e3o da namorada. Vivi recebe convite para ficar por mais um tempo em Porto Alegre. A menina liga para a irm\u00e3, Tati, que fica muito chateada com a not\u00edcia.<\/p>\n<p>No Caf\u00e9 Boutique, Francis diz para Clarita que quer conhecer os pais dela. No apartamento de Maria Cec\u00edlia e Tobias, os dois recebem Gilda (Monique Lafond), a m\u00e3e de Tobias. Os dois compram macarronada e servem como se tivesse sido preparada por Maria Cec\u00edlia. Gilda avisa que passar\u00e1 alguns dias no apartamento deles. Carmen re\u00fane as crian\u00e7as no orfanato e diz que todos ter\u00e3o mesadas. Miguel leva Gabriela at\u00e9 um hotel onde conta v\u00e1rias coisas do passado. Gabriela n\u00e3o lembra de nada e desconfia de Miguel, pois Armando havia dito que ele era um homem perigoso. Em Porto Alegre, Vivi diz que sente falta da irm\u00e3 e dos amigos do orfanato.<\/p>\n<p>(*) edi\u00e7\u00e3o das novelas do SBT, \u201cChiquititas\u201d, sujeito a altera\u00e7\u00e3o de data e conte\u00fado.<\/p>\n","protected":false},"excerpt":{"rendered":"<p>Resumo da novela \u201cChiquititas\u201d em 07\/05: no cap\u00edtulo 230(*) da novela, Armando convence Gabriela, que pensa se chamar Sofia, a viajar at\u00e9 o interior. Carol pede para o advogado dar entrada no pedido de guarda da Dani. Gabriela entra no carro e enquanto Armando coloca as coisas no porta-malas, Miguel aparece, entra no carro e [&hellip;]<\/p>\n","protected":false},"author":2,"featured_media":195894,"comment_status":"closed","ping_status":"closed","sticky":false,"template":"","format":"standard","meta":{"tdm_status":"","tdm_grid_status":"","footnotes":""},"categories":[409,379,2025,372,343],"tags":[441],"class_list":{"0":"post-206269","1":"post","2":"type-post","3":"status-publish","4":"format-standard","5":"has-post-thumbnail","7":"category-chiquititas","8":"category-novelas","9":"category-resumo","10":"category-sbt","11":"category-televisao","12":"tag-resumo-do-dia"},"_links":{"self":[{"href":"https:\/\/migracao.redenoticia.com.br\/noticia\/wp-json\/wp\/v2\/posts\/206269","targetHints":{"allow":["GET"]}}],"collection":[{"href":"https:\/\/migracao.redenoticia.com.br\/noticia\/wp-json\/wp\/v2\/posts"}],"about":[{"href":"https:\/\/migracao.redenoticia.com.br\/noticia\/wp-json\/wp\/v2\/types\/post"}],"author":[{"embeddable":true,"href":"https:\/\/migracao.redenoticia.com.br\/noticia\/wp-json\/wp\/v2\/users\/2"}],"replies":[{"embeddable":true,"href":"https:\/\/migracao.redenoticia.com.br\/noticia\/wp-json\/wp\/v2\/comments?post=206269"}],"version-history":[{"count":0,"href":"https:\/\/migracao.redenoticia.com.br\/noticia\/wp-json\/wp\/v2\/posts\/206269\/revisions"}],"wp:featuredmedia":[{"embeddable":true,"href":"https:\/\/migracao.redenoticia.com.br\/noticia\/wp-json\/wp\/v2\/media\/195894"}],"wp:attachment":[{"href":"https:\/\/migracao.redenoticia.com.br\/noticia\/wp-json\/wp\/v2\/media?parent=206269"}],"wp:term":[{"taxonomy":"category","embeddable":true,"href":"https:\/\/migracao.redenoticia.com.br\/noticia\/wp-json\/wp\/v2\/categories?post=206269"},{"taxonomy":"post_tag","embeddable":true,"href":"https:\/\/migracao.redenoticia.com.br\/noticia\/wp-json\/wp\/v2\/tags?post=206269"}],"curies":[{"name":"wp","href":"https:\/\/api.w.org\/{rel}","templated":true}]}}