{"id":20636,"date":"2009-12-23T21:34:54","date_gmt":"2009-12-24T01:34:54","guid":{"rendered":"http:\/\/www.redenoticia.com.br\/noticia\/?p=20636"},"modified":"2009-12-23T21:34:54","modified_gmt":"2009-12-24T01:34:54","slug":"rede-record-mostra-a-roca-do-natal-na-fazenda","status":"publish","type":"post","link":"https:\/\/migracao.redenoticia.com.br\/noticia\/2009\/rede-record-mostra-a-roca-do-natal-na-fazenda\/20636","title":{"rendered":"Rede Record mostra a ro\u00e7a do Natal na Fazenda"},"content":{"rendered":"<p><strong><em><img loading=\"lazy\" decoding=\"async\" class=\"alignleft size-full wp-image-17419\" title=\"a fazenda\" src=\"https:\/\/migracao.redenoticia.com.br\/noticia\/imagens\/a-fazenda.jpg\" alt=\"\" width=\"300\" height=\"193\" srcset=\"https:\/\/migracao.redenoticia.com.br\/noticia\/imagens\/a-fazenda.jpg 300w, https:\/\/migracao.redenoticia.com.br\/noticia\/imagens\/a-fazenda-250x160.jpg 250w, https:\/\/migracao.redenoticia.com.br\/noticia\/imagens\/a-fazenda-150x96.jpg 150w\" sizes=\"auto, (max-width: 300px) 100vw, 300px\" \/>Rede Record<\/em><\/strong> \u2013 nesta quarta-feira (23\/12) foi decidida a sexta ro\u00e7a de <strong><em>A Fazenda<\/em><\/strong>. Britto Jr., apresentador da Rede Record, conduziu uma vota\u00e7\u00e3o r\u00e1pida. Cacau, que perdeu o desafio de cordas da semana e j\u00e1 estava na Ro\u00e7a, foi a primeira a votar e escolheu Karina porque achou que a amiga n\u00e3o levaria mais votos. Maur\u00edcio Manieri tamb\u00e9m votou em Karina e n\u00e3o quis dizer o motivo. Leozinho votou em Andr\u00e9 para anular o voto. Igor votou em Caco e disse n\u00e3o ter motivo. Karina votou em Maur\u00edcio e justificou que o pe\u00e3o est\u00e1 dormindo muito. Karina acha que Maur\u00edcio est\u00e1 perdendo tempo e n\u00e3o est\u00e1 aproveitando os bons momentos de A Fazenda.<\/p>\n<p>Na seq\u00fc\u00eancia da vota\u00e7\u00e3o da sexta ro\u00e7a de A Fazenda da Rede Record, Mateus votou em Maur\u00edcio porque ele ainda n\u00e3o tinha ido para a ro\u00e7a. Andr\u00e9 votou em Leozinho para devolver e anular o voto recebido do cantor. Caco votou em Manieri para defender Karina e as mulheres que restaram na Fazenda. Com esta vota\u00e7\u00e3o Maur\u00edcio obteve tr\u00eas votos e foi parar na ro\u00e7a, ao lado de sua amiga Cacau.<\/p>\n<p>A fazendeira da semana Sheila Mello escolheu votar em quem n\u00e3o tinha ido parar na ro\u00e7a e comentou que s\u00f3 tinha tr\u00eas op\u00e7\u00f5es: Maur\u00edcio, que foi pela vota\u00e7\u00e3o, Leozinho e Karina. A op\u00e7\u00e3o de Sheila foi votar em Karina.<\/p>\n<p>No domingo a Rede Record vai mostrar a disputa entre Cacau, Karina ou Maur\u00edcio. Um deles vai por o p\u00e9 na estrada e passar o Ano Novo em casa.<\/p>\n<p>Rede Record \u2013 A Fazenda<\/p>\n","protected":false},"excerpt":{"rendered":"<p>Rede Record \u2013 nesta quarta-feira (23\/12) foi decidida a sexta ro\u00e7a de A Fazenda. Britto Jr., apresentador da Rede Record, conduziu uma vota\u00e7\u00e3o r\u00e1pida. Cacau, que perdeu o desafio de cordas da semana e j\u00e1 estava na Ro\u00e7a, foi a primeira a votar e escolheu Karina porque achou que a amiga n\u00e3o levaria mais votos. [&hellip;]<\/p>\n","protected":false},"author":3,"featured_media":0,"comment_status":"open","ping_status":"open","sticky":false,"template":"","format":"standard","meta":{"tdm_status":"","tdm_grid_status":"","footnotes":""},"categories":[22,371,343],"tags":[],"class_list":{"0":"post-20636","1":"post","2":"type-post","3":"status-publish","4":"format-standard","6":"category-brasil","7":"category-rede-record","8":"category-televisao"},"_links":{"self":[{"href":"https:\/\/migracao.redenoticia.com.br\/noticia\/wp-json\/wp\/v2\/posts\/20636","targetHints":{"allow":["GET"]}}],"collection":[{"href":"https:\/\/migracao.redenoticia.com.br\/noticia\/wp-json\/wp\/v2\/posts"}],"about":[{"href":"https:\/\/migracao.redenoticia.com.br\/noticia\/wp-json\/wp\/v2\/types\/post"}],"author":[{"embeddable":true,"href":"https:\/\/migracao.redenoticia.com.br\/noticia\/wp-json\/wp\/v2\/users\/3"}],"replies":[{"embeddable":true,"href":"https:\/\/migracao.redenoticia.com.br\/noticia\/wp-json\/wp\/v2\/comments?post=20636"}],"version-history":[{"count":0,"href":"https:\/\/migracao.redenoticia.com.br\/noticia\/wp-json\/wp\/v2\/posts\/20636\/revisions"}],"wp:attachment":[{"href":"https:\/\/migracao.redenoticia.com.br\/noticia\/wp-json\/wp\/v2\/media?parent=20636"}],"wp:term":[{"taxonomy":"category","embeddable":true,"href":"https:\/\/migracao.redenoticia.com.br\/noticia\/wp-json\/wp\/v2\/categories?post=20636"},{"taxonomy":"post_tag","embeddable":true,"href":"https:\/\/migracao.redenoticia.com.br\/noticia\/wp-json\/wp\/v2\/tags?post=20636"}],"curies":[{"name":"wp","href":"https:\/\/api.w.org\/{rel}","templated":true}]}}