{"id":206440,"date":"2021-05-11T19:21:05","date_gmt":"2021-05-11T22:21:05","guid":{"rendered":"https:\/\/www.redenoticia.com.br\/noticia\/?p=206440"},"modified":"2021-05-11T19:21:05","modified_gmt":"2021-05-11T22:21:05","slug":"resumo-tititi-12-05-clotilde-se-insinua-para-jacques-e-os-dois-se-beijam","status":"publish","type":"post","link":"https:\/\/migracao.redenoticia.com.br\/noticia\/2021\/resumo-tititi-12-05-clotilde-se-insinua-para-jacques-e-os-dois-se-beijam\/206440","title":{"rendered":"Resumo \u201cTiTiTi\u201d 12\/05: Clotilde se insinua para Jacques e os dois se beijam"},"content":{"rendered":"<p> <img loading=\"lazy\" decoding=\"async\" src=\"https:\/\/migracao.redenoticia.com.br\/noticia\/imagens\/tititi-elenco-personagens.jpeg\" alt=\"\" width=\"1280\" height=\"720\" class=\"aligncenter size-full wp-image-204657\" srcset=\"https:\/\/migracao.redenoticia.com.br\/noticia\/imagens\/tititi-elenco-personagens.jpeg 1280w, https:\/\/migracao.redenoticia.com.br\/noticia\/imagens\/tititi-elenco-personagens-250x140.jpeg 250w, https:\/\/migracao.redenoticia.com.br\/noticia\/imagens\/tititi-elenco-personagens-400x225.jpeg 400w, https:\/\/migracao.redenoticia.com.br\/noticia\/imagens\/tititi-elenco-personagens-768x432.jpeg 768w, https:\/\/migracao.redenoticia.com.br\/noticia\/imagens\/tititi-elenco-personagens-150x85.jpeg 150w\" sizes=\"auto, (max-width: 1280px) 100vw, 1280px\" \/><\/p>\n<p><em><strong>Resumo da novela \u201cTiTiTi\u201d<\/strong><\/em> em 12\/05: no cap\u00edtulo 033(*) da novela, Luisa fica chocada com a revela\u00e7\u00e3o de Edgar, mas ele diz que \u00e9 brincadeira. Julinho incentiva Marcela a lutar pelo amor de Edgar. Edgar tem esperan\u00e7a de que Camila desista do casamento. Victor Valentim mostra um de seus modelos a Lu\u00edza Brunet e ela decide fazer seu vestido com ele. Gino e Jorgito enfrentam os capangas da falsa empresa de manuten\u00e7\u00e3o. Clotilde arma um plano para atrair Lu\u00edza Brunet de volta ao ateli\u00ea.<\/p>\n<p>Ariclenes e Chico se disfar\u00e7am para sair do pr\u00e9dio, mas Jaqueline segue os dois. Rebeca se comove com a coragem do filho e agradece a Gino por t\u00ea-lo protegido. Ariclenes leva o croqui do vestido de Lu\u00edza Brunet para Marta. Clotilde convence Lu\u00edza Brunet a ficar com o vestido de Jacques. Valqu\u00edria leva Tha\u00edsa para visitar Lipe. Armandinho procura Desir\u00e9e e pede que ela n\u00e3o se mude da vila. Edgar diz a Marcela que desistiria de se casar com Camila para ficar com ela. Clotilde se insinua para Jacques e os dois se beijam.<\/p>\n<p>(*) edi\u00e7\u00e3o das novelas da Globo, \u201cTiTiTi\u201d, sujeito a altera\u00e7\u00e3o de data e conte\u00fado.<\/p>\n<p>Sinopse &#8220;TiTiTi&#8221;: Alexandre Borges e Murilo Ben\u00edcio interpretam os rivais da hist\u00f3ria, respectivamente Jacques Leclair e Victor Valentim, que passam a novela inteira se digladiando para ver quem sobressai no mundo na moda como estilista bem-sucedido, com o nome transformado em grife e as cole\u00e7\u00f5es desfiladas nas grandes semanas de moda e fotografadas para as revistas de celebridades.<\/p>\n","protected":false},"excerpt":{"rendered":"<p>Resumo da novela \u201cTiTiTi\u201d em 12\/05: no cap\u00edtulo 033(*) da novela, Luisa fica chocada com a revela\u00e7\u00e3o de Edgar, mas ele diz que \u00e9 brincadeira. Julinho incentiva Marcela a lutar pelo amor de Edgar. Edgar tem esperan\u00e7a de que Camila desista do casamento. Victor Valentim mostra um de seus modelos a Lu\u00edza Brunet e ela [&hellip;]<\/p>\n","protected":false},"author":2,"featured_media":204655,"comment_status":"closed","ping_status":"closed","sticky":false,"template":"","format":"standard","meta":{"tdm_status":"","tdm_grid_status":"","footnotes":""},"categories":[379,375,2025,343,2193],"tags":[441],"class_list":{"0":"post-206440","1":"post","2":"type-post","3":"status-publish","4":"format-standard","5":"has-post-thumbnail","7":"category-novelas","8":"category-rede-globo","9":"category-resumo","10":"category-televisao","11":"category-tititi","12":"tag-resumo-do-dia"},"_links":{"self":[{"href":"https:\/\/migracao.redenoticia.com.br\/noticia\/wp-json\/wp\/v2\/posts\/206440","targetHints":{"allow":["GET"]}}],"collection":[{"href":"https:\/\/migracao.redenoticia.com.br\/noticia\/wp-json\/wp\/v2\/posts"}],"about":[{"href":"https:\/\/migracao.redenoticia.com.br\/noticia\/wp-json\/wp\/v2\/types\/post"}],"author":[{"embeddable":true,"href":"https:\/\/migracao.redenoticia.com.br\/noticia\/wp-json\/wp\/v2\/users\/2"}],"replies":[{"embeddable":true,"href":"https:\/\/migracao.redenoticia.com.br\/noticia\/wp-json\/wp\/v2\/comments?post=206440"}],"version-history":[{"count":0,"href":"https:\/\/migracao.redenoticia.com.br\/noticia\/wp-json\/wp\/v2\/posts\/206440\/revisions"}],"wp:featuredmedia":[{"embeddable":true,"href":"https:\/\/migracao.redenoticia.com.br\/noticia\/wp-json\/wp\/v2\/media\/204655"}],"wp:attachment":[{"href":"https:\/\/migracao.redenoticia.com.br\/noticia\/wp-json\/wp\/v2\/media?parent=206440"}],"wp:term":[{"taxonomy":"category","embeddable":true,"href":"https:\/\/migracao.redenoticia.com.br\/noticia\/wp-json\/wp\/v2\/categories?post=206440"},{"taxonomy":"post_tag","embeddable":true,"href":"https:\/\/migracao.redenoticia.com.br\/noticia\/wp-json\/wp\/v2\/tags?post=206440"}],"curies":[{"name":"wp","href":"https:\/\/api.w.org\/{rel}","templated":true}]}}