{"id":206446,"date":"2021-05-11T19:25:19","date_gmt":"2021-05-11T22:25:19","guid":{"rendered":"https:\/\/www.redenoticia.com.br\/noticia\/?p=206446"},"modified":"2021-05-11T19:25:19","modified_gmt":"2021-05-11T22:25:19","slug":"resumo-amores-verdadeiros-12-05-adriana-so-encontra-pedras-no-caixao-da-filha","status":"publish","type":"post","link":"https:\/\/migracao.redenoticia.com.br\/noticia\/2021\/resumo-amores-verdadeiros-12-05-adriana-so-encontra-pedras-no-caixao-da-filha\/206446","title":{"rendered":"Resumo &#8220;Amores Verdadeiros&#8221; 12\/05: Adriana s\u00f3 encontra pedras no caix\u00e3o da filha"},"content":{"rendered":"<p> <img loading=\"lazy\" decoding=\"async\" src=\"https:\/\/migracao.redenoticia.com.br\/noticia\/imagens\/amores-verdadeiros-resumo-elenco.jpg\" alt=\"\" width=\"1280\" height=\"720\" class=\"aligncenter size-full wp-image-203224\" srcset=\"https:\/\/migracao.redenoticia.com.br\/noticia\/imagens\/amores-verdadeiros-resumo-elenco.jpg 1280w, https:\/\/migracao.redenoticia.com.br\/noticia\/imagens\/amores-verdadeiros-resumo-elenco-250x140.jpg 250w, https:\/\/migracao.redenoticia.com.br\/noticia\/imagens\/amores-verdadeiros-resumo-elenco-400x225.jpg 400w, https:\/\/migracao.redenoticia.com.br\/noticia\/imagens\/amores-verdadeiros-resumo-elenco-768x432.jpg 768w, https:\/\/migracao.redenoticia.com.br\/noticia\/imagens\/amores-verdadeiros-resumo-elenco-150x85.jpg 150w\" sizes=\"auto, (max-width: 1280px) 100vw, 1280px\" \/><br \/>\n<strong><em>Resumo da novela &#8220;Amores Verdadeiros&#8221;<\/em><\/strong> em 12\/05: no cap\u00edtulo 068(*) da novela,  Nikki maltrata Poliana. Na cozinha, Aguiar, Lili, Tom\u00e1sia e Jean Marie conversam sobre Cristina. Aguiar acha que Cristina est\u00e1 certa sobre Adriana: ela \u00e9 ador\u00e1vel, mas quando ela e Liliana est\u00e3o juntas, sempre acontece algo estranho. Adriana ouve a conversa e os cumprimenta.<\/p>\n<p>An\u00edbal e Paula brigam pelo trabalho dela. De repente, eles s\u00e3o interrompidos por Adriana. Seu pai trouxe sua amante para a casa de Vit\u00f3ria! Ela corre escada acima para contar tudo para sua irm\u00e3. An\u00edbal pede que Paula saia de casa. Beatriz liga para Gilda para avisar que ela vai se atrasar para o trabalho.<\/p>\n<p>Nikki fala sobre Roy para Vit\u00f3ria. Ele realmente gosta dela. Vit\u00f3ria sabe que Roy n\u00e3o \u00e9 o \u00fanico jovem interessado em sua filha, mas como Gusm\u00e3o pediu que ela esquecesse que ele j\u00e1 disse que estava apaixonado por Nikki, ela n\u00e3o pode dizer nada sobre os verdadeiros sentimentos de Gusm\u00e3o. Nikki confessa a Vit\u00f3ria que ela amou sua carta. Adriana entra.<\/p>\n<p>Paula conta para Nikki que ela recebeu uma liga\u00e7\u00e3o de emerg\u00eancia, e elas t\u00eam que remarcar a aula de piano para outro dia. Paula sai de casa pouco antes de as duas enfurecidas irm\u00e3s Balvanera correrem para o corredor.<\/p>\n<p>Nikki diz a Gusm\u00e3o que prepare o carro! Jean Marie e Poliana notam que Nikki tem estado muito mal-humorada ultimamente. Leo prende e bate em Beatriz, que cai e bate com a cabe\u00e7a no carro. Enquanto ela est\u00e1 deitada inconscientemente, Leo est\u00e1 de p\u00e9 sobre ela: &#8220;Voc\u00ea \u00e9 minha, baby, e voc\u00ea sempre ser\u00e1.&#8221; O c\u00famplice de Leo segue Guille e Of\u00e9lia.<\/p>\n<p>Nikki e Gusm\u00e3o est\u00e3o em um sal\u00e3o de cabeleireiro, onde ela fala com seu cabeleireiro sobre o maravilhoso namorado famoso e rico que ela tem. Eles est\u00e3o completamente loucos um pelo outro, e quando ele a beijou, ela se sentiu como se estivesse no para\u00edso. Gusm\u00e3o est\u00e1 prestes a explodir. Kendra e Cristina est\u00e3o na Meta Imagem trabalhando em seu guarda-roupa para a pr\u00f3xima tarefa de modelo. Enquanto Cristina gosta muito de seu trabalho, Kendra come\u00e7a a perceber que ser\u00e1 muito dif\u00edcil suport\u00e1-la.<\/p>\n<p>Em Santa Rita, Liliana visita o padre e o informa da novidade: Jos\u00e9 Aguiar agora \u00e9 guarda-costas, ela \u00e9 jardineira, e Cristina passou a ser assistente pessoal de uma modelo famosa. O padre manda lembran\u00e7as aos pais de Lili e espera que Cristina o visite um dia. Lili diz que Crisina ficaria feliz em fazer isso\u2026 e ent\u00e3o ela empalidece\u2026 ela diz \u201cminha m\u00e3e\u201d\u2026 e foge, deixando o surpreso padre para tr\u00e1s.<\/p>\n<p>Aguiar e as senhoras Balvanera chegam ao cemit\u00e9rio de Santa Rita, onde come\u00e7am a limpar o t\u00famulo de Luc\u00eda. No entanto, quando finalmente a l\u00e1pide est\u00e1 clara o suficiente para ver as letras gravadas nela, Aguiar enlouquece porque est\u00e1 escrito \u201cLuc\u00eda, 3 de maio de 1994\u201d. Liliana nasceu no mesmo dia! Lili corre feito louca para o cemit\u00e9rio, a equipe tira o caix\u00e3o do beb\u00ea. A m\u00e3e arrasada come\u00e7a a chorar. Lili n\u00e3o entende porque sente uma vontade repentina de correr ao t\u00famulo de L\u00facia e gritar \u201cMam\u00e3e!\u201d. Adriana finalmente abre a tumba e tudo o que ela encontra dentro s\u00e3o algumas pedras. Adriana se enfurece: &#8220;Maldito seja, An\u00edbal Balvanera! Maldito!&#8221;<\/p>\n<p>Liliana chega ao t\u00famulo e chora histericamente por sua m\u00e3e, tamb\u00e9m conhecida como Cristina. Aguiar tenta acalmar sua filha, e ele parece que gostaria de ter nascido em outro planeta. Adriana tamb\u00e9m tem um colapso nervoso. An\u00edbal est\u00e1 sentado no apartamento de Paula e a pro\u00edbe de ir \u00e0 casa de Vit\u00f3ria. Adriana n\u00e3o pode v\u00ea-la l\u00e1 novamente. Adriana jura vingan\u00e7a, e Vit\u00f3ria e Aguiar parecem totalmente confusos. Enquanto Vit\u00f3ria pede discri\u00e7\u00e3o, Adriana diz que An\u00edbal ter\u00e1 que dizer a ela onde sua filha est\u00e1!<\/p>\n<p>Beatriz acorda em uma sala suja e percebe que foi amarrada pelo marido miser\u00e1vel. Leo diz a ela com uma voz doce, mas assustadora, que n\u00e3o se preocupe com Guille, ele o pegou. Ela est\u00e1 com fome? Porque ele trouxe alguns sandu\u00edches para ela. Beatriz grita por socorro, ele coloca uma fita de volta nela: &#8220;Cale a boca, Beatriz! Voc\u00ea nunca me apreciou! Cale a boca ou nunca mais ver\u00e1 o Guille!&#8221; A mulher chora.<\/p>\n<p>(*) edi\u00e7\u00e3o das novelas do SBT, &#8220;Amores Verdadeiros&#8221;, sujeito a altera\u00e7\u00e3o de data e conte\u00fado.<\/p>\n<p>Sinopse &#8220;Amores Verdadeiros&#8221;: Vit\u00f3ria Balvanera \u00e9 diretora de cria\u00e7\u00e3o da Meta Imagem Internacional, a mais importante ag\u00eancia de publicidade do pa\u00eds. O seu sucesso a tornou alvo de criminosos e \u00e9 durante um destes ataques que conhece Jos\u00e9 \u00c1ngelo, um simples campon\u00eas. Quando Jos\u00e9 \u00c2ngelo vai \u00e0 fazenda para pedir um emprego como capataz, um grupo de criminosos invade a propriedade para sequestrar Vit\u00f3ria. Gra\u00e7as ao seu treinamento de Aikido, ele evita o sequestro e salva Vit\u00f3ria, assim um encontro \u00fanico e emocionante surge entre eles. <\/p>\n","protected":false},"excerpt":{"rendered":"<p>Resumo da novela &#8220;Amores Verdadeiros&#8221; em 12\/05: no cap\u00edtulo 068(*) da novela, Nikki maltrata Poliana. Na cozinha, Aguiar, Lili, Tom\u00e1sia e Jean Marie conversam sobre Cristina. Aguiar acha que Cristina est\u00e1 certa sobre Adriana: ela \u00e9 ador\u00e1vel, mas quando ela e Liliana est\u00e3o juntas, sempre acontece algo estranho. Adriana ouve a conversa e os cumprimenta. [&hellip;]<\/p>\n","protected":false},"author":2,"featured_media":203226,"comment_status":"closed","ping_status":"closed","sticky":false,"template":"","format":"standard","meta":{"tdm_status":"","tdm_grid_status":"","footnotes":""},"categories":[2189,379,2025,372,343],"tags":[441],"class_list":{"0":"post-206446","1":"post","2":"type-post","3":"status-publish","4":"format-standard","5":"has-post-thumbnail","7":"category-amores-verdadeiros","8":"category-novelas","9":"category-resumo","10":"category-sbt","11":"category-televisao","12":"tag-resumo-do-dia"},"_links":{"self":[{"href":"https:\/\/migracao.redenoticia.com.br\/noticia\/wp-json\/wp\/v2\/posts\/206446","targetHints":{"allow":["GET"]}}],"collection":[{"href":"https:\/\/migracao.redenoticia.com.br\/noticia\/wp-json\/wp\/v2\/posts"}],"about":[{"href":"https:\/\/migracao.redenoticia.com.br\/noticia\/wp-json\/wp\/v2\/types\/post"}],"author":[{"embeddable":true,"href":"https:\/\/migracao.redenoticia.com.br\/noticia\/wp-json\/wp\/v2\/users\/2"}],"replies":[{"embeddable":true,"href":"https:\/\/migracao.redenoticia.com.br\/noticia\/wp-json\/wp\/v2\/comments?post=206446"}],"version-history":[{"count":0,"href":"https:\/\/migracao.redenoticia.com.br\/noticia\/wp-json\/wp\/v2\/posts\/206446\/revisions"}],"wp:featuredmedia":[{"embeddable":true,"href":"https:\/\/migracao.redenoticia.com.br\/noticia\/wp-json\/wp\/v2\/media\/203226"}],"wp:attachment":[{"href":"https:\/\/migracao.redenoticia.com.br\/noticia\/wp-json\/wp\/v2\/media?parent=206446"}],"wp:term":[{"taxonomy":"category","embeddable":true,"href":"https:\/\/migracao.redenoticia.com.br\/noticia\/wp-json\/wp\/v2\/categories?post=206446"},{"taxonomy":"post_tag","embeddable":true,"href":"https:\/\/migracao.redenoticia.com.br\/noticia\/wp-json\/wp\/v2\/tags?post=206446"}],"curies":[{"name":"wp","href":"https:\/\/api.w.org\/{rel}","templated":true}]}}