{"id":206534,"date":"2021-05-13T19:35:15","date_gmt":"2021-05-13T22:35:15","guid":{"rendered":"https:\/\/www.redenoticia.com.br\/noticia\/?p=206534"},"modified":"2021-05-13T19:35:15","modified_gmt":"2021-05-13T22:35:15","slug":"resumo-tititi-14-05-edgar-decide-investir-em-sua-carreira-de-fotografo","status":"publish","type":"post","link":"https:\/\/migracao.redenoticia.com.br\/noticia\/2021\/resumo-tititi-14-05-edgar-decide-investir-em-sua-carreira-de-fotografo\/206534","title":{"rendered":"Resumo \u201cTiTiTi\u201d 14\/05: Edgar decide investir em sua carreira de fot\u00f3grafo"},"content":{"rendered":"<p> <img loading=\"lazy\" decoding=\"async\" src=\"https:\/\/migracao.redenoticia.com.br\/noticia\/imagens\/tititi-elenco-personagens.jpeg\" alt=\"\" width=\"1280\" height=\"720\" class=\"aligncenter size-full wp-image-204657\" srcset=\"https:\/\/migracao.redenoticia.com.br\/noticia\/imagens\/tititi-elenco-personagens.jpeg 1280w, https:\/\/migracao.redenoticia.com.br\/noticia\/imagens\/tititi-elenco-personagens-250x140.jpeg 250w, https:\/\/migracao.redenoticia.com.br\/noticia\/imagens\/tititi-elenco-personagens-400x225.jpeg 400w, https:\/\/migracao.redenoticia.com.br\/noticia\/imagens\/tititi-elenco-personagens-768x432.jpeg 768w, https:\/\/migracao.redenoticia.com.br\/noticia\/imagens\/tititi-elenco-personagens-150x85.jpeg 150w\" sizes=\"auto, (max-width: 1280px) 100vw, 1280px\" \/><\/p>\n<p><em><strong>Resumo da novela \u201cTiTiTi\u201d<\/strong><\/em> em 14\/05: no cap\u00edtulo 035(*) da novela, Adriano entrevista Victor Valentim e se surpreende com os elogios do espanhol a Jacques Leclair. Luti ironiza Valqu\u00edria e os dois discutem. Rebeca desabafa com Gino. Luti \u00e9 hostil com Gabriela. Edgar conta para Bruna e Marcela que decidiu investir em sua carreira de fot\u00f3grafo. Luisa liga para Camila e sugere que ela passe mais tempo ao lado de Edgar. Ariclenes arma um plano para se livrar de M\u00e1rio Fofoca.<\/p>\n<p>Luti encontra Valqu\u00edria com Cadu na lanchonete e fica com ci\u00fames. Jorgito chega \u00e0 sess\u00e3o de fotos com Amanda e se aproxima de Desir\u00e9e. Edgar surge com Marcela para fotografar os bastidores do editorial e Jorgito discute com o futuro cunhado. Gabriela cuida dos machucados de Luti e pergunta se ele est\u00e1 gostando de Valqu\u00edria. Luisa se irrita ao saber que Edgar levou Marcela \u00e0 sess\u00e3o de fotos da Moda Brasil e procura Gustavo.<\/p>\n<p>(*) edi\u00e7\u00e3o das novelas da Globo, \u201cTiTiTi\u201d, sujeito a altera\u00e7\u00e3o de data e conte\u00fado.<\/p>\n<p>Sinopse &#8220;TiTiTi&#8221;: Alexandre Borges e Murilo Ben\u00edcio interpretam os rivais da hist\u00f3ria, respectivamente Jacques Leclair e Victor Valentim, que passam a novela inteira se digladiando para ver quem sobressai no mundo na moda como estilista bem-sucedido, com o nome transformado em grife e as cole\u00e7\u00f5es desfiladas nas grandes semanas de moda e fotografadas para as revistas de celebridades.<\/p>\n","protected":false},"excerpt":{"rendered":"<p>Resumo da novela \u201cTiTiTi\u201d em 14\/05: no cap\u00edtulo 035(*) da novela, Adriano entrevista Victor Valentim e se surpreende com os elogios do espanhol a Jacques Leclair. Luti ironiza Valqu\u00edria e os dois discutem. Rebeca desabafa com Gino. Luti \u00e9 hostil com Gabriela. Edgar conta para Bruna e Marcela que decidiu investir em sua carreira de [&hellip;]<\/p>\n","protected":false},"author":2,"featured_media":204655,"comment_status":"closed","ping_status":"closed","sticky":false,"template":"","format":"standard","meta":{"tdm_status":"","tdm_grid_status":"","footnotes":""},"categories":[379,375,2025,343,2193],"tags":[441],"class_list":{"0":"post-206534","1":"post","2":"type-post","3":"status-publish","4":"format-standard","5":"has-post-thumbnail","7":"category-novelas","8":"category-rede-globo","9":"category-resumo","10":"category-televisao","11":"category-tititi","12":"tag-resumo-do-dia"},"_links":{"self":[{"href":"https:\/\/migracao.redenoticia.com.br\/noticia\/wp-json\/wp\/v2\/posts\/206534","targetHints":{"allow":["GET"]}}],"collection":[{"href":"https:\/\/migracao.redenoticia.com.br\/noticia\/wp-json\/wp\/v2\/posts"}],"about":[{"href":"https:\/\/migracao.redenoticia.com.br\/noticia\/wp-json\/wp\/v2\/types\/post"}],"author":[{"embeddable":true,"href":"https:\/\/migracao.redenoticia.com.br\/noticia\/wp-json\/wp\/v2\/users\/2"}],"replies":[{"embeddable":true,"href":"https:\/\/migracao.redenoticia.com.br\/noticia\/wp-json\/wp\/v2\/comments?post=206534"}],"version-history":[{"count":0,"href":"https:\/\/migracao.redenoticia.com.br\/noticia\/wp-json\/wp\/v2\/posts\/206534\/revisions"}],"wp:featuredmedia":[{"embeddable":true,"href":"https:\/\/migracao.redenoticia.com.br\/noticia\/wp-json\/wp\/v2\/media\/204655"}],"wp:attachment":[{"href":"https:\/\/migracao.redenoticia.com.br\/noticia\/wp-json\/wp\/v2\/media?parent=206534"}],"wp:term":[{"taxonomy":"category","embeddable":true,"href":"https:\/\/migracao.redenoticia.com.br\/noticia\/wp-json\/wp\/v2\/categories?post=206534"},{"taxonomy":"post_tag","embeddable":true,"href":"https:\/\/migracao.redenoticia.com.br\/noticia\/wp-json\/wp\/v2\/tags?post=206534"}],"curies":[{"name":"wp","href":"https:\/\/api.w.org\/{rel}","templated":true}]}}