{"id":206659,"date":"2021-05-16T23:12:01","date_gmt":"2021-05-17T02:12:01","guid":{"rendered":"https:\/\/www.redenoticia.com.br\/noticia\/?p=206659"},"modified":"2021-05-16T23:12:01","modified_gmt":"2021-05-17T02:12:01","slug":"resumo-tititi-17-05-suzana-leva-ariclenes-para-jantar","status":"publish","type":"post","link":"https:\/\/migracao.redenoticia.com.br\/noticia\/2021\/resumo-tititi-17-05-suzana-leva-ariclenes-para-jantar\/206659","title":{"rendered":"Resumo \u201cTiTiTi\u201d 17\/05: Suzana leva Ariclenes para jantar"},"content":{"rendered":"<p> <img loading=\"lazy\" decoding=\"async\" src=\"https:\/\/migracao.redenoticia.com.br\/noticia\/imagens\/tititi-elenco-personagens.jpeg\" alt=\"\" width=\"1280\" height=\"720\" class=\"aligncenter size-full wp-image-204657\" srcset=\"https:\/\/migracao.redenoticia.com.br\/noticia\/imagens\/tititi-elenco-personagens.jpeg 1280w, https:\/\/migracao.redenoticia.com.br\/noticia\/imagens\/tititi-elenco-personagens-250x140.jpeg 250w, https:\/\/migracao.redenoticia.com.br\/noticia\/imagens\/tititi-elenco-personagens-400x225.jpeg 400w, https:\/\/migracao.redenoticia.com.br\/noticia\/imagens\/tititi-elenco-personagens-768x432.jpeg 768w, https:\/\/migracao.redenoticia.com.br\/noticia\/imagens\/tititi-elenco-personagens-150x85.jpeg 150w\" sizes=\"auto, (max-width: 1280px) 100vw, 1280px\" \/><\/p>\n<p><em><strong>Resumo da novela \u201cTiTiTi\u201d<\/strong><\/em> em 17\/05: no cap\u00edtulo 036(*) da novela, LSuzana leva Ariclenes para jantar e os dois s\u00e3o flagrados por Jacques e Jaqueline, que est\u00e3o no mesmo restaurante. Edgar resolve conversar com Luisa. Ariclenes se esconde de Jaqueline no banheiro do restaurante. Edgar se desentende com Luisa, mas eles acabam fazendo as pazes. Julinho e Dr. Eduardo conversam num bar. Jacques oferece um de seus apartamentos para Jaqueline morar por um tempo. Suzana vai \u00e0 casa de Ariclenes e Luti pede que a m\u00e3e passe a noite por l\u00e1. Mabi publica no blog de Beatrice M. novas cr\u00edticas a Jacques Leclair e Victor. Gustavo fica incomodado ao ver Bruna t\u00e3o pr\u00f3xima de Marcela e Julinho. Jorgito comenta com Rebeca que Edgar pode estar apaixonado por Marcela.<\/p>\n<p>Marcela descobre que Edgar n\u00e3o dormiu em casa. Suzana prepara o caf\u00e9 da manh\u00e3 e deixa Ariclenes emocionado. O admirador secreto marca um encontro com Valqu\u00edria na faculdade. Olga perde a paci\u00eancia com Cec\u00edlia e revela seu apelido na juventude, Ceci Splendore. Gabriela tenta falar com Luti, mas ele se esquiva. Marcela conversa com Julinho e prop\u00f5e que eles deixem a mans\u00e3o.<\/p>\n<p>Clotilde telefona para Chico e marca um hor\u00e1rio com Victor Valentim. Doutor Queiroz e Valdete pesquisam na internet informa\u00e7\u00f5es sobre Cec\u00edlia. Valqu\u00edria aguarda a chegada de seu admirador secreto. Jaqueline se espanta com a transforma\u00e7\u00e3o de Clotilde ao v\u00ea-la vestida para o encontro com Victor Valentim.<\/p>\n<p>(*) edi\u00e7\u00e3o das novelas da Globo, \u201cTiTiTi\u201d, sujeito a altera\u00e7\u00e3o de data e conte\u00fado.<\/p>\n<p>Sinopse &#8220;TiTiTi&#8221;: Alexandre Borges e Murilo Ben\u00edcio interpretam os rivais da hist\u00f3ria, respectivamente Jacques Leclair e Victor Valentim, que passam a novela inteira se digladiando para ver quem sobressai no mundo na moda como estilista bem-sucedido, com o nome transformado em grife e as cole\u00e7\u00f5es desfiladas nas grandes semanas de moda e fotografadas para as revistas de celebridades.<\/p>\n","protected":false},"excerpt":{"rendered":"<p>Resumo da novela \u201cTiTiTi\u201d em 17\/05: no cap\u00edtulo 036(*) da novela, LSuzana leva Ariclenes para jantar e os dois s\u00e3o flagrados por Jacques e Jaqueline, que est\u00e3o no mesmo restaurante. Edgar resolve conversar com Luisa. Ariclenes se esconde de Jaqueline no banheiro do restaurante. Edgar se desentende com Luisa, mas eles acabam fazendo as pazes. [&hellip;]<\/p>\n","protected":false},"author":2,"featured_media":204655,"comment_status":"closed","ping_status":"closed","sticky":false,"template":"","format":"standard","meta":{"tdm_status":"","tdm_grid_status":"","footnotes":""},"categories":[379,375,2025,343,2193],"tags":[441],"class_list":{"0":"post-206659","1":"post","2":"type-post","3":"status-publish","4":"format-standard","5":"has-post-thumbnail","7":"category-novelas","8":"category-rede-globo","9":"category-resumo","10":"category-televisao","11":"category-tititi","12":"tag-resumo-do-dia"},"_links":{"self":[{"href":"https:\/\/migracao.redenoticia.com.br\/noticia\/wp-json\/wp\/v2\/posts\/206659","targetHints":{"allow":["GET"]}}],"collection":[{"href":"https:\/\/migracao.redenoticia.com.br\/noticia\/wp-json\/wp\/v2\/posts"}],"about":[{"href":"https:\/\/migracao.redenoticia.com.br\/noticia\/wp-json\/wp\/v2\/types\/post"}],"author":[{"embeddable":true,"href":"https:\/\/migracao.redenoticia.com.br\/noticia\/wp-json\/wp\/v2\/users\/2"}],"replies":[{"embeddable":true,"href":"https:\/\/migracao.redenoticia.com.br\/noticia\/wp-json\/wp\/v2\/comments?post=206659"}],"version-history":[{"count":0,"href":"https:\/\/migracao.redenoticia.com.br\/noticia\/wp-json\/wp\/v2\/posts\/206659\/revisions"}],"wp:featuredmedia":[{"embeddable":true,"href":"https:\/\/migracao.redenoticia.com.br\/noticia\/wp-json\/wp\/v2\/media\/204655"}],"wp:attachment":[{"href":"https:\/\/migracao.redenoticia.com.br\/noticia\/wp-json\/wp\/v2\/media?parent=206659"}],"wp:term":[{"taxonomy":"category","embeddable":true,"href":"https:\/\/migracao.redenoticia.com.br\/noticia\/wp-json\/wp\/v2\/categories?post=206659"},{"taxonomy":"post_tag","embeddable":true,"href":"https:\/\/migracao.redenoticia.com.br\/noticia\/wp-json\/wp\/v2\/tags?post=206659"}],"curies":[{"name":"wp","href":"https:\/\/api.w.org\/{rel}","templated":true}]}}