{"id":206661,"date":"2021-05-16T23:07:48","date_gmt":"2021-05-17T02:07:48","guid":{"rendered":"https:\/\/www.redenoticia.com.br\/noticia\/?p=206661"},"modified":"2021-05-16T23:07:48","modified_gmt":"2021-05-17T02:07:48","slug":"resumo-chiquititas-17-05-vivi-descobre-que-tati-esta-doente","status":"publish","type":"post","link":"https:\/\/migracao.redenoticia.com.br\/noticia\/2021\/resumo-chiquititas-17-05-vivi-descobre-que-tati-esta-doente\/206661","title":{"rendered":"Resumo \u201cChiquititas\u201d 17\/05: Vivi descobre que Tati est\u00e1 doente"},"content":{"rendered":"<p> <img loading=\"lazy\" decoding=\"async\" class=\"aligncenter size-full wp-image-195897\" src=\"https:\/\/migracao.redenoticia.com.br\/noticia\/imagens\/chiquititas-resumo-sinopse.jpg\" alt=\"\" width=\"1280\" height=\"720\" srcset=\"https:\/\/migracao.redenoticia.com.br\/noticia\/imagens\/chiquititas-resumo-sinopse.jpg 1280w, https:\/\/migracao.redenoticia.com.br\/noticia\/imagens\/chiquititas-resumo-sinopse-250x140.jpg 250w, https:\/\/migracao.redenoticia.com.br\/noticia\/imagens\/chiquititas-resumo-sinopse-400x225.jpg 400w, https:\/\/migracao.redenoticia.com.br\/noticia\/imagens\/chiquititas-resumo-sinopse-768x432.jpg 768w, https:\/\/migracao.redenoticia.com.br\/noticia\/imagens\/chiquititas-resumo-sinopse-150x85.jpg 150w, https:\/\/migracao.redenoticia.com.br\/noticia\/imagens\/chiquititas-resumo-sinopse-696x392.jpg 696w, https:\/\/migracao.redenoticia.com.br\/noticia\/imagens\/chiquititas-resumo-sinopse-1068x601.jpg 1068w\" sizes=\"auto, (max-width: 1280px) 100vw, 1280px\" \/><\/p>\n<p><strong><em>Resumo da novela \u201cChiquititas\u201d<\/em><\/strong> em 17\/05: no cap\u00edtulo 238(*) da novela, Cintia diz para Carmen que toda a hist\u00f3ria do tesouro \u00e9 falsa e a \u00fanica coisa verdadeira \u00e9 o valor das quatro pinturas dos Cavaleiros. Cintia diz que ir\u00e1 voltar para a Europa. Carmen n\u00e3o acredita. Fernando examina Tati e diz para Carol que a menina est\u00e1 com principio de pneumonia. Juca entra no restaurante em que trabalha, que est\u00e1 fechado, para roubar. O garoto se depara com Mosca e Marian. Miguel diz para Gabriela que antes de procurarem a filha deles, ela precisa recuperar a mem\u00f3ria. Cintia conta para Armando que os dois precisam fingir que o tesouro n\u00e3o existe para ela desistir das buscas.<\/p>\n<p>Cintia diz que Gabriela pegou por engano uma das quatros telas dos Cavaleiros. Maria Cec\u00edlia fica irritada com a faxina feita por Gilda, m\u00e3e de Tobias, na madrugada e surta. Gilda vai embora. Juca conversa com Marian e Mosca. O garoto leva os dois para passarem a noite em uma casa humilde. Clarita passa a noite na casa da Carol por ter brigado com os pais. Tobias e Maria Cec\u00edlia discutem por conta de suas respectivas m\u00e3es. Beto e Clarita chegam juntos no Caf\u00e9 Boutique e Francis fica com ci\u00fames. Em Porto Alegre, Vivi fica sabendo que Tati est\u00e1 doente e por isso pede para fazer uma viajem para ficar do lado de irm\u00e3 at\u00e9 que ela se recupere.<\/p>\n<p>(*) edi\u00e7\u00e3o das novelas do SBT, \u201cChiquititas\u201d, sujeito a altera\u00e7\u00e3o de data e conte\u00fado.<\/p>\n","protected":false},"excerpt":{"rendered":"<p>Resumo da novela \u201cChiquititas\u201d em 17\/05: no cap\u00edtulo 238(*) da novela, Cintia diz para Carmen que toda a hist\u00f3ria do tesouro \u00e9 falsa e a \u00fanica coisa verdadeira \u00e9 o valor das quatro pinturas dos Cavaleiros. Cintia diz que ir\u00e1 voltar para a Europa. Carmen n\u00e3o acredita. Fernando examina Tati e diz para Carol que [&hellip;]<\/p>\n","protected":false},"author":2,"featured_media":195894,"comment_status":"closed","ping_status":"closed","sticky":false,"template":"","format":"standard","meta":{"tdm_status":"","tdm_grid_status":"","footnotes":""},"categories":[409,379,2025,372,343],"tags":[441],"class_list":{"0":"post-206661","1":"post","2":"type-post","3":"status-publish","4":"format-standard","5":"has-post-thumbnail","7":"category-chiquititas","8":"category-novelas","9":"category-resumo","10":"category-sbt","11":"category-televisao","12":"tag-resumo-do-dia"},"_links":{"self":[{"href":"https:\/\/migracao.redenoticia.com.br\/noticia\/wp-json\/wp\/v2\/posts\/206661","targetHints":{"allow":["GET"]}}],"collection":[{"href":"https:\/\/migracao.redenoticia.com.br\/noticia\/wp-json\/wp\/v2\/posts"}],"about":[{"href":"https:\/\/migracao.redenoticia.com.br\/noticia\/wp-json\/wp\/v2\/types\/post"}],"author":[{"embeddable":true,"href":"https:\/\/migracao.redenoticia.com.br\/noticia\/wp-json\/wp\/v2\/users\/2"}],"replies":[{"embeddable":true,"href":"https:\/\/migracao.redenoticia.com.br\/noticia\/wp-json\/wp\/v2\/comments?post=206661"}],"version-history":[{"count":0,"href":"https:\/\/migracao.redenoticia.com.br\/noticia\/wp-json\/wp\/v2\/posts\/206661\/revisions"}],"wp:featuredmedia":[{"embeddable":true,"href":"https:\/\/migracao.redenoticia.com.br\/noticia\/wp-json\/wp\/v2\/media\/195894"}],"wp:attachment":[{"href":"https:\/\/migracao.redenoticia.com.br\/noticia\/wp-json\/wp\/v2\/media?parent=206661"}],"wp:term":[{"taxonomy":"category","embeddable":true,"href":"https:\/\/migracao.redenoticia.com.br\/noticia\/wp-json\/wp\/v2\/categories?post=206661"},{"taxonomy":"post_tag","embeddable":true,"href":"https:\/\/migracao.redenoticia.com.br\/noticia\/wp-json\/wp\/v2\/tags?post=206661"}],"curies":[{"name":"wp","href":"https:\/\/api.w.org\/{rel}","templated":true}]}}