{"id":206689,"date":"2021-05-17T12:57:13","date_gmt":"2021-05-17T15:57:13","guid":{"rendered":"https:\/\/www.redenoticia.com.br\/noticia\/?p=206689"},"modified":"2021-05-17T12:57:13","modified_gmt":"2021-05-17T15:57:13","slug":"novela-malhacao-sonhos-18-05-dalva-decide-ajudar-duca-na-investigacao","status":"publish","type":"post","link":"https:\/\/migracao.redenoticia.com.br\/noticia\/2021\/novela-malhacao-sonhos-18-05-dalva-decide-ajudar-duca-na-investigacao\/206689","title":{"rendered":"Novela &#8220;Malha\u00e7\u00e3o&#8221; Sonhos 18\/05: Dalva decide ajudar Duca na investiga\u00e7\u00e3o"},"content":{"rendered":"<p><img loading=\"lazy\" decoding=\"async\" class=\"aligncenter size-full wp-image-202688\" src=\"https:\/\/migracao.redenoticia.com.br\/noticia\/imagens\/malhacao-sonhos-elenco-protagonistas.jpg\" alt=\"\" width=\"1280\" height=\"720\" srcset=\"https:\/\/migracao.redenoticia.com.br\/noticia\/imagens\/malhacao-sonhos-elenco-protagonistas.jpg 1280w, https:\/\/migracao.redenoticia.com.br\/noticia\/imagens\/malhacao-sonhos-elenco-protagonistas-250x140.jpg 250w, https:\/\/migracao.redenoticia.com.br\/noticia\/imagens\/malhacao-sonhos-elenco-protagonistas-400x225.jpg 400w, https:\/\/migracao.redenoticia.com.br\/noticia\/imagens\/malhacao-sonhos-elenco-protagonistas-768x432.jpg 768w, https:\/\/migracao.redenoticia.com.br\/noticia\/imagens\/malhacao-sonhos-elenco-protagonistas-150x85.jpg 150w\" sizes=\"auto, (max-width: 1280px) 100vw, 1280px\" \/><\/p>\n<p><em><strong>Resumo da novela &#8220;Malha\u00e7\u00e3o&#8221; Sonhos<\/strong><\/em> em 18\/05: no cap\u00edtulo 082(*) da novela, Bianca chora e Roberta impede Duca de ir atr\u00e1s da menina. Marcelo se enfurece com Roberta. Pedro sente ci\u00fames ao ver Karina pr\u00f3xima a Cobra. Bianca comenta com a irm\u00e3 que Duca est\u00e1 saindo com Roberta. Gael conta para Heideguer que a pessoa na foto com Duca \u00e9 Roberta e Lob\u00e3o decide investigar. Bete critica Sol ao v\u00ea-la cantando a m\u00fasica de Santiago.<\/p>\n<p>Mari e Sol cantam juntas e Bete fica fascinada. Delma chega em casa e encontra Marcelo animado esperando por ela. Bianca aconselha Karina a falar o que realmente sente por Pedro. Dalva decide ajudar o neto na investiga\u00e7\u00e3o. Duca envia um v\u00eddeo para Scorpio.<\/p>\n<p>(*) edi\u00e7\u00e3o das novelas da Globo, \u201cMalha\u00e7\u00e3o\u201d Sonhos, sujeito a altera\u00e7\u00e3o de data e conte\u00fado.<\/p>\n<p>Sinopse Novela &#8220;Malha\u00e7\u00e3o&#8221; Sonhos: Formar campe\u00f5es e repassar os princ\u00edpios das artes marciais para os alunos s\u00e3o alguns dos sonhos de Gael (Eriberto Le\u00e3o). Duca (Arthur Aguiar) \u00e9 seu melhor atleta. Ele est\u00e1 sempre acompanhado dos amigos Z\u00e9 (Bruno Fraga) e Marc\u00e3o (Jean Amorim). Karina (Isabella Santoni), filha de Gael, n\u00e3o aceita que o pai s\u00f3 tenha olhos para Duca e treina para ser uma grande lutadora. A ca\u00e7ula do mestre \u00e9 apaixonada pelo disc\u00edpulo do pai e n\u00e3o sabe que ele e sua irm\u00e3, Bianca (Bruna Ham\u00fa), est\u00e3o prestes a assumir o namoro.<\/p>\n","protected":false},"excerpt":{"rendered":"<p>Resumo da novela &#8220;Malha\u00e7\u00e3o&#8221; Sonhos em 18\/05: no cap\u00edtulo 082(*) da novela, Bianca chora e Roberta impede Duca de ir atr\u00e1s da menina. Marcelo se enfurece com Roberta. Pedro sente ci\u00fames ao ver Karina pr\u00f3xima a Cobra. Bianca comenta com a irm\u00e3 que Duca est\u00e1 saindo com Roberta. Gael conta para Heideguer que a pessoa [&hellip;]<\/p>\n","protected":false},"author":4,"featured_media":202687,"comment_status":"closed","ping_status":"closed","sticky":false,"template":"","format":"standard","meta":{"tdm_status":"","tdm_grid_status":"","footnotes":""},"categories":[447,379,375,2025,343],"tags":[441],"class_list":{"0":"post-206689","1":"post","2":"type-post","3":"status-publish","4":"format-standard","5":"has-post-thumbnail","7":"category-malhacao","8":"category-novelas","9":"category-rede-globo","10":"category-resumo","11":"category-televisao","12":"tag-resumo-do-dia"},"_links":{"self":[{"href":"https:\/\/migracao.redenoticia.com.br\/noticia\/wp-json\/wp\/v2\/posts\/206689","targetHints":{"allow":["GET"]}}],"collection":[{"href":"https:\/\/migracao.redenoticia.com.br\/noticia\/wp-json\/wp\/v2\/posts"}],"about":[{"href":"https:\/\/migracao.redenoticia.com.br\/noticia\/wp-json\/wp\/v2\/types\/post"}],"author":[{"embeddable":true,"href":"https:\/\/migracao.redenoticia.com.br\/noticia\/wp-json\/wp\/v2\/users\/4"}],"replies":[{"embeddable":true,"href":"https:\/\/migracao.redenoticia.com.br\/noticia\/wp-json\/wp\/v2\/comments?post=206689"}],"version-history":[{"count":0,"href":"https:\/\/migracao.redenoticia.com.br\/noticia\/wp-json\/wp\/v2\/posts\/206689\/revisions"}],"wp:featuredmedia":[{"embeddable":true,"href":"https:\/\/migracao.redenoticia.com.br\/noticia\/wp-json\/wp\/v2\/media\/202687"}],"wp:attachment":[{"href":"https:\/\/migracao.redenoticia.com.br\/noticia\/wp-json\/wp\/v2\/media?parent=206689"}],"wp:term":[{"taxonomy":"category","embeddable":true,"href":"https:\/\/migracao.redenoticia.com.br\/noticia\/wp-json\/wp\/v2\/categories?post=206689"},{"taxonomy":"post_tag","embeddable":true,"href":"https:\/\/migracao.redenoticia.com.br\/noticia\/wp-json\/wp\/v2\/tags?post=206689"}],"curies":[{"name":"wp","href":"https:\/\/api.w.org\/{rel}","templated":true}]}}