{"id":206725,"date":"2021-05-18T11:50:28","date_gmt":"2021-05-18T14:50:28","guid":{"rendered":"https:\/\/www.redenoticia.com.br\/noticia\/?p=206725"},"modified":"2021-05-18T11:50:28","modified_gmt":"2021-05-18T14:50:28","slug":"resumo-tititi-19-05-julinho-ve-edgar-beijar-marcela","status":"publish","type":"post","link":"https:\/\/migracao.redenoticia.com.br\/noticia\/2021\/resumo-tititi-19-05-julinho-ve-edgar-beijar-marcela\/206725","title":{"rendered":"Resumo \u201cTiTiTi\u201d 19\/05: Julinho v\u00ea Edgar beijar Marcela"},"content":{"rendered":"<p><img loading=\"lazy\" decoding=\"async\" src=\"https:\/\/migracao.redenoticia.com.br\/noticia\/imagens\/tititi-elenco-personagens.jpeg\" alt=\"\" width=\"1280\" height=\"720\" class=\"aligncenter size-full wp-image-204657\" srcset=\"https:\/\/migracao.redenoticia.com.br\/noticia\/imagens\/tititi-elenco-personagens.jpeg 1280w, https:\/\/migracao.redenoticia.com.br\/noticia\/imagens\/tititi-elenco-personagens-250x140.jpeg 250w, https:\/\/migracao.redenoticia.com.br\/noticia\/imagens\/tititi-elenco-personagens-400x225.jpeg 400w, https:\/\/migracao.redenoticia.com.br\/noticia\/imagens\/tititi-elenco-personagens-768x432.jpeg 768w, https:\/\/migracao.redenoticia.com.br\/noticia\/imagens\/tititi-elenco-personagens-150x85.jpeg 150w\" sizes=\"auto, (max-width: 1280px) 100vw, 1280px\" \/><\/p>\n<p><em><strong>Resumo da novela \u201cTiTiTi\u201d<\/strong><\/em> em 19\/05: no cap\u00edtulo 038(*) da novela, Gustavo conta para Bruna que Marcela fugiu de casa e ela passa mal. Ros\u00e1rio, Clotilde e Jaqueline veem as fotos de Valentim enquanto Jacques conversa em particular com Marta. Jacques insinua que Marta foi procur\u00e1-lo porque ainda gosta dele. Marta se defende de Jacques e escapa levando a c\u00e2mera com as fotos de Valentim. Luti e Valqu\u00edria namoram. Jacques descobre que a c\u00e2mera sumiu. Edgar encontra Marcela no parque onde os dois costumavam ir. Edgar conta para Marcela que ir\u00e1 desmanchar seu noivado com Camila para ficar com ela.<\/p>\n<p>Ariclenes, Chico, Marta e Nicole comemoram a contrata\u00e7\u00e3o das novas costureiras. Luti conta para Gabriela que se acertou com Valqu\u00edria. Camila ouve Rebeca dizer que Orlando pretendia deixar a fam\u00edlia na mis\u00e9ria para fugir com outra mulher. Julinho v\u00ea Edgar beijando Marcela. Ariclenes pede para reatar o casamento com Suzana. Edgar chega \u00e0 casa de Rebeca para terminar com Camila e encontra a noiva desolada. Jacques vai \u00e0 casa de Marta.<\/p>\n<p>(*) edi\u00e7\u00e3o das novelas da Globo, \u201cTiTiTi\u201d, sujeito a altera\u00e7\u00e3o de data e conte\u00fado.<\/p>\n<p>Sinopse &#8220;TiTiTi&#8221;: Alexandre Borges e Murilo Ben\u00edcio interpretam os rivais da hist\u00f3ria, respectivamente Jacques Leclair e Victor Valentim, que passam a novela inteira se digladiando para ver quem sobressai no mundo na moda como estilista bem-sucedido, com o nome transformado em grife e as cole\u00e7\u00f5es desfiladas nas grandes semanas de moda e fotografadas para as revistas de celebridades.<\/p>\n","protected":false},"excerpt":{"rendered":"<p>Resumo da novela \u201cTiTiTi\u201d em 19\/05: no cap\u00edtulo 038(*) da novela, Gustavo conta para Bruna que Marcela fugiu de casa e ela passa mal. Ros\u00e1rio, Clotilde e Jaqueline veem as fotos de Valentim enquanto Jacques conversa em particular com Marta. Jacques insinua que Marta foi procur\u00e1-lo porque ainda gosta dele. Marta se defende de Jacques [&hellip;]<\/p>\n","protected":false},"author":4,"featured_media":204655,"comment_status":"closed","ping_status":"closed","sticky":false,"template":"","format":"standard","meta":{"tdm_status":"","tdm_grid_status":"","footnotes":""},"categories":[379,375,2025,343,2193],"tags":[441],"class_list":{"0":"post-206725","1":"post","2":"type-post","3":"status-publish","4":"format-standard","5":"has-post-thumbnail","7":"category-novelas","8":"category-rede-globo","9":"category-resumo","10":"category-televisao","11":"category-tititi","12":"tag-resumo-do-dia"},"_links":{"self":[{"href":"https:\/\/migracao.redenoticia.com.br\/noticia\/wp-json\/wp\/v2\/posts\/206725","targetHints":{"allow":["GET"]}}],"collection":[{"href":"https:\/\/migracao.redenoticia.com.br\/noticia\/wp-json\/wp\/v2\/posts"}],"about":[{"href":"https:\/\/migracao.redenoticia.com.br\/noticia\/wp-json\/wp\/v2\/types\/post"}],"author":[{"embeddable":true,"href":"https:\/\/migracao.redenoticia.com.br\/noticia\/wp-json\/wp\/v2\/users\/4"}],"replies":[{"embeddable":true,"href":"https:\/\/migracao.redenoticia.com.br\/noticia\/wp-json\/wp\/v2\/comments?post=206725"}],"version-history":[{"count":0,"href":"https:\/\/migracao.redenoticia.com.br\/noticia\/wp-json\/wp\/v2\/posts\/206725\/revisions"}],"wp:featuredmedia":[{"embeddable":true,"href":"https:\/\/migracao.redenoticia.com.br\/noticia\/wp-json\/wp\/v2\/media\/204655"}],"wp:attachment":[{"href":"https:\/\/migracao.redenoticia.com.br\/noticia\/wp-json\/wp\/v2\/media?parent=206725"}],"wp:term":[{"taxonomy":"category","embeddable":true,"href":"https:\/\/migracao.redenoticia.com.br\/noticia\/wp-json\/wp\/v2\/categories?post=206725"},{"taxonomy":"post_tag","embeddable":true,"href":"https:\/\/migracao.redenoticia.com.br\/noticia\/wp-json\/wp\/v2\/tags?post=206725"}],"curies":[{"name":"wp","href":"https:\/\/api.w.org\/{rel}","templated":true}]}}