{"id":206734,"date":"2021-05-18T11:58:50","date_gmt":"2021-05-18T14:58:50","guid":{"rendered":"https:\/\/www.redenoticia.com.br\/noticia\/?p=206734"},"modified":"2021-05-18T11:58:50","modified_gmt":"2021-05-18T14:58:50","slug":"resumo-imperio-19-05-cora-pede-ajuda-a-fernando-para-fazer-um-exame-de-dna","status":"publish","type":"post","link":"https:\/\/migracao.redenoticia.com.br\/noticia\/2021\/resumo-imperio-19-05-cora-pede-ajuda-a-fernando-para-fazer-um-exame-de-dna\/206734","title":{"rendered":"Resumo \u201cImp\u00e9rio\u201d 19\/05: Cora pede ajuda a Fernando para fazer um exame de DNA"},"content":{"rendered":"<p><img loading=\"lazy\" decoding=\"async\" class=\"aligncenter size-full wp-image-205063\" src=\"https:\/\/migracao.redenoticia.com.br\/noticia\/imagens\/novela-imperio-resumo-elenco.jpeg\" alt=\"\" width=\"1280\" height=\"720\" srcset=\"https:\/\/migracao.redenoticia.com.br\/noticia\/imagens\/novela-imperio-resumo-elenco.jpeg 1280w, https:\/\/migracao.redenoticia.com.br\/noticia\/imagens\/novela-imperio-resumo-elenco-250x140.jpeg 250w, https:\/\/migracao.redenoticia.com.br\/noticia\/imagens\/novela-imperio-resumo-elenco-400x225.jpeg 400w, https:\/\/migracao.redenoticia.com.br\/noticia\/imagens\/novela-imperio-resumo-elenco-768x432.jpeg 768w, https:\/\/migracao.redenoticia.com.br\/noticia\/imagens\/novela-imperio-resumo-elenco-150x85.jpeg 150w\" sizes=\"auto, (max-width: 1280px) 100vw, 1280px\" \/><\/p>\n<p><em><strong>Resumo novela \u201cImp\u00e9rio\u201d<\/strong><\/em> em 19\/05: no cap\u00edtulo 033(*) da novela, Silviano avisa que Jos\u00e9 Alfredo e Maria Marta n\u00e3o dormiram em casa. Vicente pede para Cristina marcar um dia para eles sa\u00edrem com Victor. Jos\u00e9 Alfredo e Maria \u00cdsis se reconciliam. T\u00e9o flagra Robert\u00e3o e \u00c9rika se beijando. Xana aconselha Juliane a retomar o posto de rainha de bateria da escola de samba.<\/p>\n<p>Leonardo aborda Robert\u00e3o na rua. Jurema avisa a Cl\u00e1udio que Leonardo foi agredido na rua e desmaiou. Enrico nomeia Vicente como respons\u00e1vel pelo buf\u00ea da festa da joalheria Imp\u00e9rio. Cora pede ajuda a Fernando para fazer um exame de DNA. Cl\u00e1udio e Leonardo v\u00e3o \u00e0 casa de Robert\u00e3o.<\/p>\n<p>(*) edi\u00e7\u00e3o das novelas da Globo, \u201cImp\u00e9rio\u201d, sujeito a altera\u00e7\u00e3o de data e conte\u00fado.<\/p>\n<p>Sinopse Novela &#8220;Imp\u00e9rio&#8221;: hist\u00f3ria do pernambucano Jos\u00e9 Alfredo de Medeiros (Chay Suede\/Alexandre Nero), o homem de preto. Dono de uma rede de joalherias, o Comendador tem tr\u00eas filhos com a aristocrata falida Maria Marta Mendon\u00e7a e Albuquerque (Adriana Birolli\/Lilia Cabral): Jos\u00e9 Pedro (Caio Blat), Maria Clara (Andreia Horta) e Jo\u00e3o Lucas (Daniel Rocha). Os tr\u00eas disputam a heran\u00e7a da empresa constru\u00edda pelo pai.<\/p>\n","protected":false},"excerpt":{"rendered":"<p>Resumo novela \u201cImp\u00e9rio\u201d em 19\/05: no cap\u00edtulo 033(*) da novela, Silviano avisa que Jos\u00e9 Alfredo e Maria Marta n\u00e3o dormiram em casa. Vicente pede para Cristina marcar um dia para eles sa\u00edrem com Victor. Jos\u00e9 Alfredo e Maria \u00cdsis se reconciliam. T\u00e9o flagra Robert\u00e3o e \u00c9rika se beijando. Xana aconselha Juliane a retomar o posto [&hellip;]<\/p>\n","protected":false},"author":4,"featured_media":205061,"comment_status":"closed","ping_status":"closed","sticky":false,"template":"","format":"standard","meta":{"tdm_status":"","tdm_grid_status":"","footnotes":""},"categories":[2196,379,375,2025,343],"tags":[441],"class_list":{"0":"post-206734","1":"post","2":"type-post","3":"status-publish","4":"format-standard","5":"has-post-thumbnail","7":"category-imperio","8":"category-novelas","9":"category-rede-globo","10":"category-resumo","11":"category-televisao","12":"tag-resumo-do-dia"},"_links":{"self":[{"href":"https:\/\/migracao.redenoticia.com.br\/noticia\/wp-json\/wp\/v2\/posts\/206734","targetHints":{"allow":["GET"]}}],"collection":[{"href":"https:\/\/migracao.redenoticia.com.br\/noticia\/wp-json\/wp\/v2\/posts"}],"about":[{"href":"https:\/\/migracao.redenoticia.com.br\/noticia\/wp-json\/wp\/v2\/types\/post"}],"author":[{"embeddable":true,"href":"https:\/\/migracao.redenoticia.com.br\/noticia\/wp-json\/wp\/v2\/users\/4"}],"replies":[{"embeddable":true,"href":"https:\/\/migracao.redenoticia.com.br\/noticia\/wp-json\/wp\/v2\/comments?post=206734"}],"version-history":[{"count":0,"href":"https:\/\/migracao.redenoticia.com.br\/noticia\/wp-json\/wp\/v2\/posts\/206734\/revisions"}],"wp:featuredmedia":[{"embeddable":true,"href":"https:\/\/migracao.redenoticia.com.br\/noticia\/wp-json\/wp\/v2\/media\/205061"}],"wp:attachment":[{"href":"https:\/\/migracao.redenoticia.com.br\/noticia\/wp-json\/wp\/v2\/media?parent=206734"}],"wp:term":[{"taxonomy":"category","embeddable":true,"href":"https:\/\/migracao.redenoticia.com.br\/noticia\/wp-json\/wp\/v2\/categories?post=206734"},{"taxonomy":"post_tag","embeddable":true,"href":"https:\/\/migracao.redenoticia.com.br\/noticia\/wp-json\/wp\/v2\/tags?post=206734"}],"curies":[{"name":"wp","href":"https:\/\/api.w.org\/{rel}","templated":true}]}}