{"id":206762,"date":"2021-05-19T18:14:11","date_gmt":"2021-05-19T21:14:11","guid":{"rendered":"https:\/\/www.redenoticia.com.br\/noticia\/?p=206762"},"modified":"2021-05-19T18:14:11","modified_gmt":"2021-05-19T21:14:11","slug":"resumo-tititi-20-05-edgar-volta-a-trabalhar-na-agencia","status":"publish","type":"post","link":"https:\/\/migracao.redenoticia.com.br\/noticia\/2021\/resumo-tititi-20-05-edgar-volta-a-trabalhar-na-agencia\/206762","title":{"rendered":"Resumo \u201cTiTiTi\u201d 20\/05: Edgar volta a trabalhar na ag\u00eancia"},"content":{"rendered":"<p> <img loading=\"lazy\" decoding=\"async\" src=\"https:\/\/migracao.redenoticia.com.br\/noticia\/imagens\/tititi-elenco-personagens.jpeg\" alt=\"\" width=\"1280\" height=\"720\" class=\"aligncenter size-full wp-image-204657\" srcset=\"https:\/\/migracao.redenoticia.com.br\/noticia\/imagens\/tititi-elenco-personagens.jpeg 1280w, https:\/\/migracao.redenoticia.com.br\/noticia\/imagens\/tititi-elenco-personagens-250x140.jpeg 250w, https:\/\/migracao.redenoticia.com.br\/noticia\/imagens\/tititi-elenco-personagens-400x225.jpeg 400w, https:\/\/migracao.redenoticia.com.br\/noticia\/imagens\/tititi-elenco-personagens-768x432.jpeg 768w, https:\/\/migracao.redenoticia.com.br\/noticia\/imagens\/tititi-elenco-personagens-150x85.jpeg 150w\" sizes=\"auto, (max-width: 1280px) 100vw, 1280px\" \/><\/p>\n<p><em><strong>Resumo da novela \u201cTiTiTi\u201d<\/strong><\/em> em 20\/05: no cap\u00edtulo 000(*) da novela, Ariclenes inventa uma hist\u00f3ria e diz que foi procurado por Victor Valentim e intimida Jacques. Jorgito apresenta Amanda e Desir\u00e9e para Rebeca. Luti mente para Valqu\u00edria sobre o nome de seu pai. Ariclenes arma um plano para sabotar o vestido de Lu\u00edsa Brunet, que usar\u00e1 uma roupa assinada por Jacques. Gino \u00e9 surpreendido por uma mulher desconhecida que finge ser uma ex-namorada.<\/p>\n<p>Enciumada, Rebeca vai embora da festa. Breno comemora o sucesso de seu plano. Tha\u00edsa descobre o acordo entre Jorgito e Amanda e amea\u00e7a revelar toda a verdade para Desir\u00e9e. Luti conta para Suzana que est\u00e1 namorando a filha de Jacques. Jacques chega na Moda Brasil e flagra Luti com Suzana, mas n\u00e3o percebe a liga\u00e7\u00e3o entre os dois. Edgar volta a trabalhar na ag\u00eancia e Luisa fica aliviada.<\/p>\n<p>Marta termina os ajustes no vestido que seria de Help e entrega para Ariclenes. Chico entrega o vestido para Desir\u00e9e, ajudar\u00e1 Ariclenes a se vingar de Jacques. Clotilde usa um modelo de Jacques Leclair para ir ao desfile com Lu\u00edsa Brunet. Ariclenes espera pelo seu grande golpe a Jacques.<\/p>\n<p>(*) edi\u00e7\u00e3o das novelas da Globo, \u201cTiTiTi\u201d, sujeito a altera\u00e7\u00e3o de data e conte\u00fado.<\/p>\n<p>Sinopse &#8220;TiTiTi&#8221;: Alexandre Borges e Murilo Ben\u00edcio interpretam os rivais da hist\u00f3ria, respectivamente Jacques Leclair e Victor Valentim, que passam a novela inteira se digladiando para ver quem sobressai no mundo na moda como estilista bem-sucedido, com o nome transformado em grife e as cole\u00e7\u00f5es desfiladas nas grandes semanas de moda e fotografadas para as revistas de celebridades.<\/p>\n","protected":false},"excerpt":{"rendered":"<p>Resumo da novela \u201cTiTiTi\u201d em 20\/05: no cap\u00edtulo 000(*) da novela, Ariclenes inventa uma hist\u00f3ria e diz que foi procurado por Victor Valentim e intimida Jacques. Jorgito apresenta Amanda e Desir\u00e9e para Rebeca. Luti mente para Valqu\u00edria sobre o nome de seu pai. Ariclenes arma um plano para sabotar o vestido de Lu\u00edsa Brunet, que [&hellip;]<\/p>\n","protected":false},"author":2,"featured_media":204655,"comment_status":"closed","ping_status":"closed","sticky":false,"template":"","format":"standard","meta":{"tdm_status":"","tdm_grid_status":"","footnotes":""},"categories":[379,375,2025,343,2193],"tags":[441],"class_list":{"0":"post-206762","1":"post","2":"type-post","3":"status-publish","4":"format-standard","5":"has-post-thumbnail","7":"category-novelas","8":"category-rede-globo","9":"category-resumo","10":"category-televisao","11":"category-tititi","12":"tag-resumo-do-dia"},"_links":{"self":[{"href":"https:\/\/migracao.redenoticia.com.br\/noticia\/wp-json\/wp\/v2\/posts\/206762","targetHints":{"allow":["GET"]}}],"collection":[{"href":"https:\/\/migracao.redenoticia.com.br\/noticia\/wp-json\/wp\/v2\/posts"}],"about":[{"href":"https:\/\/migracao.redenoticia.com.br\/noticia\/wp-json\/wp\/v2\/types\/post"}],"author":[{"embeddable":true,"href":"https:\/\/migracao.redenoticia.com.br\/noticia\/wp-json\/wp\/v2\/users\/2"}],"replies":[{"embeddable":true,"href":"https:\/\/migracao.redenoticia.com.br\/noticia\/wp-json\/wp\/v2\/comments?post=206762"}],"version-history":[{"count":0,"href":"https:\/\/migracao.redenoticia.com.br\/noticia\/wp-json\/wp\/v2\/posts\/206762\/revisions"}],"wp:featuredmedia":[{"embeddable":true,"href":"https:\/\/migracao.redenoticia.com.br\/noticia\/wp-json\/wp\/v2\/media\/204655"}],"wp:attachment":[{"href":"https:\/\/migracao.redenoticia.com.br\/noticia\/wp-json\/wp\/v2\/media?parent=206762"}],"wp:term":[{"taxonomy":"category","embeddable":true,"href":"https:\/\/migracao.redenoticia.com.br\/noticia\/wp-json\/wp\/v2\/categories?post=206762"},{"taxonomy":"post_tag","embeddable":true,"href":"https:\/\/migracao.redenoticia.com.br\/noticia\/wp-json\/wp\/v2\/tags?post=206762"}],"curies":[{"name":"wp","href":"https:\/\/api.w.org\/{rel}","templated":true}]}}