{"id":206802,"date":"2021-05-20T11:56:14","date_gmt":"2021-05-20T14:56:14","guid":{"rendered":"https:\/\/www.redenoticia.com.br\/noticia\/?p=206802"},"modified":"2021-05-20T11:56:14","modified_gmt":"2021-05-20T14:56:14","slug":"resumo-tititi-21-05-ariclenes-afirma-que-a-guerra-contra-jacques-comecou","status":"publish","type":"post","link":"https:\/\/migracao.redenoticia.com.br\/noticia\/2021\/resumo-tititi-21-05-ariclenes-afirma-que-a-guerra-contra-jacques-comecou\/206802","title":{"rendered":"Resumo \u201cTiTiTi\u201d 21\/05: Ariclenes afirma que a guerra contra Jacques come\u00e7ou"},"content":{"rendered":"<p> <img loading=\"lazy\" decoding=\"async\" src=\"https:\/\/migracao.redenoticia.com.br\/noticia\/imagens\/tititi-elenco-personagens.jpeg\" alt=\"\" width=\"1280\" height=\"720\" class=\"aligncenter size-full wp-image-204657\" srcset=\"https:\/\/migracao.redenoticia.com.br\/noticia\/imagens\/tititi-elenco-personagens.jpeg 1280w, https:\/\/migracao.redenoticia.com.br\/noticia\/imagens\/tititi-elenco-personagens-250x140.jpeg 250w, https:\/\/migracao.redenoticia.com.br\/noticia\/imagens\/tititi-elenco-personagens-400x225.jpeg 400w, https:\/\/migracao.redenoticia.com.br\/noticia\/imagens\/tititi-elenco-personagens-768x432.jpeg 768w, https:\/\/migracao.redenoticia.com.br\/noticia\/imagens\/tititi-elenco-personagens-150x85.jpeg 150w\" sizes=\"auto, (max-width: 1280px) 100vw, 1280px\" \/><\/p>\n<p><em><strong>Resumo da novela \u201cTiTiTi\u201d<\/strong><\/em> em 21\/05: no cap\u00edtulo 040(*) da novela, Desir\u00e9e se prepara para desfilar. Ariclenes tem uma ideia ao saber que Luti vai trabalhar no desfile. Luiza Brunet usa o vestido de Jacques Leclair e \u00e9 elogiada por Stela. Tha\u00edsa \u00e9 convidada para substituir uma das modelos. Chico e Nicole assistem ao desfile pelo computador e Armandinho os acompanha. Desir\u00e9e cai na passarela, mas se levanta e \u00e9 ovacionada pela plateia.<\/p>\n<p>Amanda inventa que Clotilde roubou sua bolsa e consegue afast\u00e1-la de Luiza Brunet. Desir\u00e9e derrama vinho no vestido de Luiza Brunet e lhe oferece um vestido de Victor Valentim para encerrar o evento. Ariclenes v\u00ea a modelo com seu vestido e comemora. Clotilde fica furiosa ao receber um bilhete de Victor Valentim. Bruna repreende Edgar ao v\u00ea-lo assistindo a um filme com Marcela no quarto. Ariclenes afirma que a guerra contra Jacques come\u00e7ou.<\/p>\n<p>(*) edi\u00e7\u00e3o das novelas da Globo, \u201cTiTiTi\u201d, sujeito a altera\u00e7\u00e3o de data e conte\u00fado.<\/p>\n<p>Sinopse &#8220;TiTiTi&#8221;: Alexandre Borges e Murilo Ben\u00edcio interpretam os rivais da hist\u00f3ria, respectivamente Jacques Leclair e Victor Valentim, que passam a novela inteira se digladiando para ver quem sobressai no mundo na moda como estilista bem-sucedido, com o nome transformado em grife e as cole\u00e7\u00f5es desfiladas nas grandes semanas de moda e fotografadas para as revistas de celebridades.<\/p>\n","protected":false},"excerpt":{"rendered":"<p>Resumo da novela \u201cTiTiTi\u201d em 21\/05: no cap\u00edtulo 040(*) da novela, Desir\u00e9e se prepara para desfilar. Ariclenes tem uma ideia ao saber que Luti vai trabalhar no desfile. Luiza Brunet usa o vestido de Jacques Leclair e \u00e9 elogiada por Stela. Tha\u00edsa \u00e9 convidada para substituir uma das modelos. Chico e Nicole assistem ao desfile [&hellip;]<\/p>\n","protected":false},"author":2,"featured_media":204655,"comment_status":"closed","ping_status":"closed","sticky":false,"template":"","format":"standard","meta":{"tdm_status":"","tdm_grid_status":"","footnotes":""},"categories":[379,375,2025,343,2193],"tags":[441],"class_list":{"0":"post-206802","1":"post","2":"type-post","3":"status-publish","4":"format-standard","5":"has-post-thumbnail","7":"category-novelas","8":"category-rede-globo","9":"category-resumo","10":"category-televisao","11":"category-tititi","12":"tag-resumo-do-dia"},"_links":{"self":[{"href":"https:\/\/migracao.redenoticia.com.br\/noticia\/wp-json\/wp\/v2\/posts\/206802","targetHints":{"allow":["GET"]}}],"collection":[{"href":"https:\/\/migracao.redenoticia.com.br\/noticia\/wp-json\/wp\/v2\/posts"}],"about":[{"href":"https:\/\/migracao.redenoticia.com.br\/noticia\/wp-json\/wp\/v2\/types\/post"}],"author":[{"embeddable":true,"href":"https:\/\/migracao.redenoticia.com.br\/noticia\/wp-json\/wp\/v2\/users\/2"}],"replies":[{"embeddable":true,"href":"https:\/\/migracao.redenoticia.com.br\/noticia\/wp-json\/wp\/v2\/comments?post=206802"}],"version-history":[{"count":0,"href":"https:\/\/migracao.redenoticia.com.br\/noticia\/wp-json\/wp\/v2\/posts\/206802\/revisions"}],"wp:featuredmedia":[{"embeddable":true,"href":"https:\/\/migracao.redenoticia.com.br\/noticia\/wp-json\/wp\/v2\/media\/204655"}],"wp:attachment":[{"href":"https:\/\/migracao.redenoticia.com.br\/noticia\/wp-json\/wp\/v2\/media?parent=206802"}],"wp:term":[{"taxonomy":"category","embeddable":true,"href":"https:\/\/migracao.redenoticia.com.br\/noticia\/wp-json\/wp\/v2\/categories?post=206802"},{"taxonomy":"post_tag","embeddable":true,"href":"https:\/\/migracao.redenoticia.com.br\/noticia\/wp-json\/wp\/v2\/tags?post=206802"}],"curies":[{"name":"wp","href":"https:\/\/api.w.org\/{rel}","templated":true}]}}