{"id":206835,"date":"2021-05-21T11:59:54","date_gmt":"2021-05-21T14:59:54","guid":{"rendered":"https:\/\/www.redenoticia.com.br\/noticia\/?p=206835"},"modified":"2021-05-21T11:59:54","modified_gmt":"2021-05-21T14:59:54","slug":"resumo-a-vida-da-gente-22-05-manuela-reclama-da-atitude-de-rodrigo-para-alice","status":"publish","type":"post","link":"https:\/\/migracao.redenoticia.com.br\/noticia\/2021\/resumo-a-vida-da-gente-22-05-manuela-reclama-da-atitude-de-rodrigo-para-alice\/206835","title":{"rendered":"Resumo \u201cA Vida da Gente\u201d 22\/05: Manuela reclama da atitude de Rodrigo para Alice"},"content":{"rendered":"<p><img loading=\"lazy\" decoding=\"async\" src=\"https:\/\/migracao.redenoticia.com.br\/noticia\/imagens\/a-vida-da-gente-elenco-principal.jpg\" alt=\"\" width=\"1280\" height=\"720\" class=\"aligncenter size-full wp-image-203501\" srcset=\"https:\/\/migracao.redenoticia.com.br\/noticia\/imagens\/a-vida-da-gente-elenco-principal.jpg 1280w, https:\/\/migracao.redenoticia.com.br\/noticia\/imagens\/a-vida-da-gente-elenco-principal-250x140.jpg 250w, https:\/\/migracao.redenoticia.com.br\/noticia\/imagens\/a-vida-da-gente-elenco-principal-400x225.jpg 400w, https:\/\/migracao.redenoticia.com.br\/noticia\/imagens\/a-vida-da-gente-elenco-principal-768x432.jpg 768w, https:\/\/migracao.redenoticia.com.br\/noticia\/imagens\/a-vida-da-gente-elenco-principal-150x85.jpg 150w\" sizes=\"auto, (max-width: 1280px) 100vw, 1280px\" \/><\/p>\n<p><em><strong>Resumo da novela \u201cA Vida da Gente\u201d<\/strong><\/em> em 22\/05: no cap\u00edtulo 072(*) da novela, Vit\u00f3ria \u00e9 seca com Renato e Alice tenta consolar o pai. Ana e J\u00falia se juntam para escolher um nome para o cachorrinho. Ana ouve Manuela reclamar com Rodrigo que ele n\u00e3o falou nada sobre o cachorro. Marcos pede para Sofia procurar o pai de sua amiga que ofereceu um emprego a ele. Nanda fica satisfeita por estar se aproximando de Francisco. Marcos conversa com Miguel. Wilson e Aur\u00e9lia se emocionam com os presentes que recebem. Manuela reclama da atitude do marido para Alice. In\u00e1 v\u00ea nas cartas que a rela\u00e7\u00e3o de Ana, Manu e Rodrigo vai se abalar.<\/p>\n<p>(*) edi\u00e7\u00e3o das novelas da Globo, \u201cA Vida da Gente\u201d, sujeito a altera\u00e7\u00e3o de data e conte\u00fado.<\/p>\n<p>Sinopse \u201cA Vida da Gente\u201d: Dois jovens, criados como irm\u00e3os, se apaixonam perdidamente, tendo de enfrentar a contrariedade de seus pais. Ana (Fernanda Vasconcellos) e Rodrigo (Rafael Cardoso) s\u00e3o filhos, respectivamente, de Eva (Ana Beatriz Nogueira) e Jonas (Paulo Betti), que, casados, criam juntos seus filhos de outras rela\u00e7\u00f5es. Ana tem uma irm\u00e3, Manuela (Marjorie Estiano), preterida por sua m\u00e3e. Ana descobre estar gr\u00e1vida. Antes de dar a not\u00edcia a Rodrigo, ela acaba aceitando o plano de sua m\u00e3e: esconder a gravidez. Ao nascer, a crian\u00e7a seria entregue \u00e0 ado\u00e7\u00e3o. Um acidente muda o destino da fam\u00edlia. Ana entra em um coma profundo e, segundo os m\u00e9dicos, talvez irrevers\u00edvel.<\/p>\n","protected":false},"excerpt":{"rendered":"<p>Resumo da novela \u201cA Vida da Gente\u201d em 22\/05: no cap\u00edtulo 072(*) da novela, Vit\u00f3ria \u00e9 seca com Renato e Alice tenta consolar o pai. Ana e J\u00falia se juntam para escolher um nome para o cachorrinho. Ana ouve Manuela reclamar com Rodrigo que ele n\u00e3o falou nada sobre o cachorro. Marcos pede para Sofia [&hellip;]<\/p>\n","protected":false},"author":4,"featured_media":203502,"comment_status":"closed","ping_status":"closed","sticky":false,"template":"","format":"standard","meta":{"tdm_status":"","tdm_grid_status":"","footnotes":""},"categories":[2190,379,375,2025,343],"tags":[441],"class_list":{"0":"post-206835","1":"post","2":"type-post","3":"status-publish","4":"format-standard","5":"has-post-thumbnail","7":"category-a-vida-da-gente","8":"category-novelas","9":"category-rede-globo","10":"category-resumo","11":"category-televisao","12":"tag-resumo-do-dia"},"_links":{"self":[{"href":"https:\/\/migracao.redenoticia.com.br\/noticia\/wp-json\/wp\/v2\/posts\/206835","targetHints":{"allow":["GET"]}}],"collection":[{"href":"https:\/\/migracao.redenoticia.com.br\/noticia\/wp-json\/wp\/v2\/posts"}],"about":[{"href":"https:\/\/migracao.redenoticia.com.br\/noticia\/wp-json\/wp\/v2\/types\/post"}],"author":[{"embeddable":true,"href":"https:\/\/migracao.redenoticia.com.br\/noticia\/wp-json\/wp\/v2\/users\/4"}],"replies":[{"embeddable":true,"href":"https:\/\/migracao.redenoticia.com.br\/noticia\/wp-json\/wp\/v2\/comments?post=206835"}],"version-history":[{"count":0,"href":"https:\/\/migracao.redenoticia.com.br\/noticia\/wp-json\/wp\/v2\/posts\/206835\/revisions"}],"wp:featuredmedia":[{"embeddable":true,"href":"https:\/\/migracao.redenoticia.com.br\/noticia\/wp-json\/wp\/v2\/media\/203502"}],"wp:attachment":[{"href":"https:\/\/migracao.redenoticia.com.br\/noticia\/wp-json\/wp\/v2\/media?parent=206835"}],"wp:term":[{"taxonomy":"category","embeddable":true,"href":"https:\/\/migracao.redenoticia.com.br\/noticia\/wp-json\/wp\/v2\/categories?post=206835"},{"taxonomy":"post_tag","embeddable":true,"href":"https:\/\/migracao.redenoticia.com.br\/noticia\/wp-json\/wp\/v2\/tags?post=206835"}],"curies":[{"name":"wp","href":"https:\/\/api.w.org\/{rel}","templated":true}]}}