{"id":206877,"date":"2021-05-23T10:30:05","date_gmt":"2021-05-23T13:30:05","guid":{"rendered":"https:\/\/www.redenoticia.com.br\/noticia\/?p=206877"},"modified":"2021-05-23T10:30:05","modified_gmt":"2021-05-23T13:30:05","slug":"resumo-chiquititas-24-05-chiquititas-descobrem-que-o-orfanato-sera-vendido","status":"publish","type":"post","link":"https:\/\/migracao.redenoticia.com.br\/noticia\/2021\/resumo-chiquititas-24-05-chiquititas-descobrem-que-o-orfanato-sera-vendido\/206877","title":{"rendered":"Resumo \u201cChiquititas\u201d 24\/05: Chiquititas descobrem que o orfanato ser\u00e1 vendido"},"content":{"rendered":"<p> <img loading=\"lazy\" decoding=\"async\" class=\"aligncenter size-full wp-image-195897\" src=\"https:\/\/migracao.redenoticia.com.br\/noticia\/imagens\/chiquititas-resumo-sinopse.jpg\" alt=\"\" width=\"1280\" height=\"720\" srcset=\"https:\/\/migracao.redenoticia.com.br\/noticia\/imagens\/chiquititas-resumo-sinopse.jpg 1280w, https:\/\/migracao.redenoticia.com.br\/noticia\/imagens\/chiquititas-resumo-sinopse-250x140.jpg 250w, https:\/\/migracao.redenoticia.com.br\/noticia\/imagens\/chiquititas-resumo-sinopse-400x225.jpg 400w, https:\/\/migracao.redenoticia.com.br\/noticia\/imagens\/chiquititas-resumo-sinopse-768x432.jpg 768w, https:\/\/migracao.redenoticia.com.br\/noticia\/imagens\/chiquititas-resumo-sinopse-150x85.jpg 150w, https:\/\/migracao.redenoticia.com.br\/noticia\/imagens\/chiquititas-resumo-sinopse-696x392.jpg 696w, https:\/\/migracao.redenoticia.com.br\/noticia\/imagens\/chiquititas-resumo-sinopse-1068x601.jpg 1068w\" sizes=\"auto, (max-width: 1280px) 100vw, 1280px\" \/><\/p>\n<p><strong><em>Resumo da novela \u201cChiquititas\u201d<\/em><\/strong> em 24\/05: no cap\u00edtulo 244(*) da novela, Miguel e Gabriela (que est\u00e1 sem mem\u00f3ria) se beijam na fazenda. Ela vai para o quarto sozinha, onde fica sorridente. As crian\u00e7as do orfanato ficam desesperadas com a not\u00edcia de que Carmen ir\u00e1 vender o orfanato. \u00c9rica vai at\u00e9 a sala de Junior e revela que foi a respons\u00e1vel por entregar a receita do MuffinSaboroso para a concorr\u00eancia. A gar\u00e7onete explica que n\u00e3o sabia que ele era da loja concorrente e pede desculpa. As crian\u00e7as decidem deixar o orfanato com p\u00e9ssima apar\u00eancia para desmotivar a venda do Raio de Luz. Armando faz o pagamento para Vitor e diz que o trabalho dele em conseguir a receita do muffin est\u00e1 de parab\u00e9ns. O empres\u00e1rio Pedro Aiala, poss\u00edvel comprador do orfanato, chega ao Raio de Luz acompanhado de Carmen, que garante que o local est\u00e1 em excelentes condi\u00e7\u00f5es.<\/p>\n<p>As Chiquitias simulam goteiras na sala, dizem que h\u00e1 morcegos no local e ainda infesta\u00e7\u00e3o de ratos. Pedro e Carmen saem correndo do quarto dos meninos ao ficarem assustados com os ratos de brinquedo. Rafa aparece e diz que os banheiros est\u00e3o entupidos. Chico ajuda as crian\u00e7as e refor\u00e7a o discurso de goteiras e problemas de encanamento. O plano parece surtir efeito. Samuca diz que o orfanato \u00e9 constantemente invadido por ladr\u00f5es e Pata revela que o lugar \u00e9 mal assombrado. Pedro Aiala decide ir embora e abandonar a ideia da compra do orfanato. Carmen vai embora extremamente irritada. Carol chega ao orfanato e fica sabendo de tudo o que ocorreu. Carol vai ao Caf\u00e9 Boutique e revela para Junior que Carmen levou Pedro Aiala para comprar o orfanato. Junior vai para casa e discute com a tia. Carmen refor\u00e7a que o orfanato \u00e9 dela e que ela quer vend\u00ea-lo.<\/p>\n<p>Na escola, Janu fica sabendo que Janj\u00e3o est\u00e1 distribuindo fotos dela e fica triste pois todos riem. Mosca aconselha Janu a n\u00e3o se importar. Na fazenda, Gabriela vai atr\u00e1s de Miguel e acaba se deparando com o casal que lhe ajudou no passado, quando perdeu a mem\u00f3ria. Carmen vai ao orfanato e diz que Pedro Aiala n\u00e3o desistiu da compra do orfanato. As crian\u00e7as ficam desesperadas com a possibilidade de serem enviadas para orfanatos diferentes. Mili abre a caixinha que guardou com as mensagens que cada chiquitita escreveu sobre a amizade delas. Cada pequenina l\u00ea uma mensagem, como uni\u00e3o e amor. Mili lembra que todas as mensagens representam amizade delas, que sempre permanecer\u00e1 dentro da caixinha.<\/p>\n<p>(*) edi\u00e7\u00e3o das novelas do SBT, \u201cChiquititas\u201d, sujeito a altera\u00e7\u00e3o de data e conte\u00fado.<\/p>\n","protected":false},"excerpt":{"rendered":"<p>Resumo da novela \u201cChiquititas\u201d em 24\/05: no cap\u00edtulo 244(*) da novela, Miguel e Gabriela (que est\u00e1 sem mem\u00f3ria) se beijam na fazenda. Ela vai para o quarto sozinha, onde fica sorridente. As crian\u00e7as do orfanato ficam desesperadas com a not\u00edcia de que Carmen ir\u00e1 vender o orfanato. \u00c9rica vai at\u00e9 a sala de Junior e [&hellip;]<\/p>\n","protected":false},"author":2,"featured_media":195894,"comment_status":"closed","ping_status":"closed","sticky":false,"template":"","format":"standard","meta":{"tdm_status":"","tdm_grid_status":"","footnotes":""},"categories":[409,379,2025,372,343],"tags":[441],"class_list":{"0":"post-206877","1":"post","2":"type-post","3":"status-publish","4":"format-standard","5":"has-post-thumbnail","7":"category-chiquititas","8":"category-novelas","9":"category-resumo","10":"category-sbt","11":"category-televisao","12":"tag-resumo-do-dia"},"_links":{"self":[{"href":"https:\/\/migracao.redenoticia.com.br\/noticia\/wp-json\/wp\/v2\/posts\/206877","targetHints":{"allow":["GET"]}}],"collection":[{"href":"https:\/\/migracao.redenoticia.com.br\/noticia\/wp-json\/wp\/v2\/posts"}],"about":[{"href":"https:\/\/migracao.redenoticia.com.br\/noticia\/wp-json\/wp\/v2\/types\/post"}],"author":[{"embeddable":true,"href":"https:\/\/migracao.redenoticia.com.br\/noticia\/wp-json\/wp\/v2\/users\/2"}],"replies":[{"embeddable":true,"href":"https:\/\/migracao.redenoticia.com.br\/noticia\/wp-json\/wp\/v2\/comments?post=206877"}],"version-history":[{"count":0,"href":"https:\/\/migracao.redenoticia.com.br\/noticia\/wp-json\/wp\/v2\/posts\/206877\/revisions"}],"wp:featuredmedia":[{"embeddable":true,"href":"https:\/\/migracao.redenoticia.com.br\/noticia\/wp-json\/wp\/v2\/media\/195894"}],"wp:attachment":[{"href":"https:\/\/migracao.redenoticia.com.br\/noticia\/wp-json\/wp\/v2\/media?parent=206877"}],"wp:term":[{"taxonomy":"category","embeddable":true,"href":"https:\/\/migracao.redenoticia.com.br\/noticia\/wp-json\/wp\/v2\/categories?post=206877"},{"taxonomy":"post_tag","embeddable":true,"href":"https:\/\/migracao.redenoticia.com.br\/noticia\/wp-json\/wp\/v2\/tags?post=206877"}],"curies":[{"name":"wp","href":"https:\/\/api.w.org\/{rel}","templated":true}]}}