{"id":206878,"date":"2021-05-23T10:34:01","date_gmt":"2021-05-23T13:34:01","guid":{"rendered":"https:\/\/www.redenoticia.com.br\/noticia\/?p=206878"},"modified":"2021-05-23T10:34:01","modified_gmt":"2021-05-23T13:34:01","slug":"resumo-tititi-24-05-jacques-encontra-seu-escritorio-revirado-por-victor-valentim","status":"publish","type":"post","link":"https:\/\/migracao.redenoticia.com.br\/noticia\/2021\/resumo-tititi-24-05-jacques-encontra-seu-escritorio-revirado-por-victor-valentim\/206878","title":{"rendered":"Resumo \u201cTiTiTi\u201d 24\/05: Jacques encontra seu escrit\u00f3rio revirado por Victor Valentim"},"content":{"rendered":"<p> <img loading=\"lazy\" decoding=\"async\" src=\"https:\/\/migracao.redenoticia.com.br\/noticia\/imagens\/tititi-elenco-personagens.jpeg\" alt=\"\" width=\"1280\" height=\"720\" class=\"aligncenter size-full wp-image-204657\" srcset=\"https:\/\/migracao.redenoticia.com.br\/noticia\/imagens\/tititi-elenco-personagens.jpeg 1280w, https:\/\/migracao.redenoticia.com.br\/noticia\/imagens\/tititi-elenco-personagens-250x140.jpeg 250w, https:\/\/migracao.redenoticia.com.br\/noticia\/imagens\/tititi-elenco-personagens-400x225.jpeg 400w, https:\/\/migracao.redenoticia.com.br\/noticia\/imagens\/tititi-elenco-personagens-768x432.jpeg 768w, https:\/\/migracao.redenoticia.com.br\/noticia\/imagens\/tititi-elenco-personagens-150x85.jpeg 150w\" sizes=\"auto, (max-width: 1280px) 100vw, 1280px\" \/><\/p>\n<p><em><strong>Resumo da novela \u201cTiTiTi\u201d<\/strong><\/em> em 24\/05: no cap\u00edtulo 041(*) da novela, Marta e Nicole veem Jaqueline na porta da casa de Ariclenes e a intimidam. Tha\u00edsa percebe o clima de romance entre Desir\u00e9e e Armandinho. Ariclenes resolve usar os tecidos manchados por Jaqueline para fazer sua cole\u00e7\u00e3o e avisa a Marta que Valentim pagar\u00e1 seu preju\u00edzo. Rebeca conta para Camila que Edgar se mudou para um flat.<\/p>\n<p>Jaqueline revela que se vingou da equipe de Valentim e Jacques teme uma repres\u00e1lia do rival. Ariclenes observa o ateli\u00ea de Jacques quando \u00e9 surpreendido por Ros\u00e1rio, que o confunde com Roberval. Ros\u00e1rio convida Ariclenes para entrar no ateli\u00ea e ele invade o escrit\u00f3rio de Jacques.<\/p>\n<p>Armandinho passa a tarde com Desir\u00e9e. Luisa visita Edgar no flat e tenta reatar o romance deles. Marcela comunica a Bruna e Gustavo que vai embora da mans\u00e3o. Ariclenes leva Luti para conhecer Cec\u00edlia e ela se emociona. Jacques encontra seu escrit\u00f3rio revirado por Victor Valentim.<\/p>\n<p>(*) edi\u00e7\u00e3o das novelas da Globo, \u201cTiTiTi\u201d, sujeito a altera\u00e7\u00e3o de data e conte\u00fado.<\/p>\n<p>Sinopse &#8220;TiTiTi&#8221;: Alexandre Borges e Murilo Ben\u00edcio interpretam os rivais da hist\u00f3ria, respectivamente Jacques Leclair e Victor Valentim, que passam a novela inteira se digladiando para ver quem sobressai no mundo na moda como estilista bem-sucedido, com o nome transformado em grife e as cole\u00e7\u00f5es desfiladas nas grandes semanas de moda e fotografadas para as revistas de celebridades.<\/p>\n","protected":false},"excerpt":{"rendered":"<p>Resumo da novela \u201cTiTiTi\u201d em 24\/05: no cap\u00edtulo 041(*) da novela, Marta e Nicole veem Jaqueline na porta da casa de Ariclenes e a intimidam. Tha\u00edsa percebe o clima de romance entre Desir\u00e9e e Armandinho. Ariclenes resolve usar os tecidos manchados por Jaqueline para fazer sua cole\u00e7\u00e3o e avisa a Marta que Valentim pagar\u00e1 seu [&hellip;]<\/p>\n","protected":false},"author":2,"featured_media":204655,"comment_status":"closed","ping_status":"closed","sticky":false,"template":"","format":"standard","meta":{"tdm_status":"","tdm_grid_status":"","footnotes":""},"categories":[379,375,2025,343,2193],"tags":[],"class_list":{"0":"post-206878","1":"post","2":"type-post","3":"status-publish","4":"format-standard","5":"has-post-thumbnail","7":"category-novelas","8":"category-rede-globo","9":"category-resumo","10":"category-televisao","11":"category-tititi"},"_links":{"self":[{"href":"https:\/\/migracao.redenoticia.com.br\/noticia\/wp-json\/wp\/v2\/posts\/206878","targetHints":{"allow":["GET"]}}],"collection":[{"href":"https:\/\/migracao.redenoticia.com.br\/noticia\/wp-json\/wp\/v2\/posts"}],"about":[{"href":"https:\/\/migracao.redenoticia.com.br\/noticia\/wp-json\/wp\/v2\/types\/post"}],"author":[{"embeddable":true,"href":"https:\/\/migracao.redenoticia.com.br\/noticia\/wp-json\/wp\/v2\/users\/2"}],"replies":[{"embeddable":true,"href":"https:\/\/migracao.redenoticia.com.br\/noticia\/wp-json\/wp\/v2\/comments?post=206878"}],"version-history":[{"count":0,"href":"https:\/\/migracao.redenoticia.com.br\/noticia\/wp-json\/wp\/v2\/posts\/206878\/revisions"}],"wp:featuredmedia":[{"embeddable":true,"href":"https:\/\/migracao.redenoticia.com.br\/noticia\/wp-json\/wp\/v2\/media\/204655"}],"wp:attachment":[{"href":"https:\/\/migracao.redenoticia.com.br\/noticia\/wp-json\/wp\/v2\/media?parent=206878"}],"wp:term":[{"taxonomy":"category","embeddable":true,"href":"https:\/\/migracao.redenoticia.com.br\/noticia\/wp-json\/wp\/v2\/categories?post=206878"},{"taxonomy":"post_tag","embeddable":true,"href":"https:\/\/migracao.redenoticia.com.br\/noticia\/wp-json\/wp\/v2\/tags?post=206878"}],"curies":[{"name":"wp","href":"https:\/\/api.w.org\/{rel}","templated":true}]}}