{"id":206894,"date":"2021-05-24T12:17:49","date_gmt":"2021-05-24T15:17:49","guid":{"rendered":"https:\/\/www.redenoticia.com.br\/noticia\/?p=206894"},"modified":"2021-05-24T12:17:49","modified_gmt":"2021-05-24T15:17:49","slug":"resumo-amores-verdadeiros-25-05-vitoria-vai-ao-hospital-buscar-anibal","status":"publish","type":"post","link":"https:\/\/migracao.redenoticia.com.br\/noticia\/2021\/resumo-amores-verdadeiros-25-05-vitoria-vai-ao-hospital-buscar-anibal\/206894","title":{"rendered":"Resumo &#8220;Amores Verdadeiros&#8221; 25\/05: Vit\u00f3ria vai ao hospital buscar An\u00edbal"},"content":{"rendered":"<p><img loading=\"lazy\" decoding=\"async\" src=\"https:\/\/migracao.redenoticia.com.br\/noticia\/imagens\/amores-verdadeiros-resumo-elenco.jpg\" alt=\"\" width=\"1280\" height=\"720\" class=\"aligncenter size-full wp-image-203224\" srcset=\"https:\/\/migracao.redenoticia.com.br\/noticia\/imagens\/amores-verdadeiros-resumo-elenco.jpg 1280w, https:\/\/migracao.redenoticia.com.br\/noticia\/imagens\/amores-verdadeiros-resumo-elenco-250x140.jpg 250w, https:\/\/migracao.redenoticia.com.br\/noticia\/imagens\/amores-verdadeiros-resumo-elenco-400x225.jpg 400w, https:\/\/migracao.redenoticia.com.br\/noticia\/imagens\/amores-verdadeiros-resumo-elenco-768x432.jpg 768w, https:\/\/migracao.redenoticia.com.br\/noticia\/imagens\/amores-verdadeiros-resumo-elenco-150x85.jpg 150w\" sizes=\"auto, (max-width: 1280px) 100vw, 1280px\" \/><br \/>\n<strong><em>Resumo da novela &#8220;Amores Verdadeiros&#8221;<\/em><\/strong> em 25\/05: no cap\u00edtulo 077(*) da novela, na Meta Imagem, Aguiar fica intrigado com a maneira brusca de Vit\u00f3ria e pergunta se ela quer que ele deixe sua vida para sempre. Vit\u00f3ria afirma que est\u00e1 chateada porque Aguiar sabia que ela tinha uma terceira irm\u00e3 e escondeu isso dela. Aguiar tenta explicar que n\u00e3o conseguiu dizer nada. Vit\u00f3ria est\u00e1 brava com Aguiar porque sente que ele a traiu. Vit\u00f3ria d\u00e1 um conselho para Aguiar: \u201cN\u00e3o traia sua esposa.\u201d<\/p>\n<p>Kendra apresenta Cristina a Andr\u00e9. Este homem faz Cristina posar com ele. Ent\u00e3o, Kendra d\u00e1 a miss\u00e3o cumprida. As fotos v\u00e3o direto para o computador dela e logo ser\u00e3o vistas como comprometedoras. Roy chega \u00e0 mans\u00e3o Balvanera e traz para Nikki uma caixa grande de past\u00e9is. Ele diz algumas mentiras sobre porque a deixou acordada na noite anterior. Nikki n\u00e3o est\u00e1 a acreditar totalmente. Mas, quando Gusm\u00e3o entra, ela muda completamente. Nikki repreende Gusm\u00e3o por estar atrasado e depois vai para a sala de estar com Roy.<\/p>\n<p>Gusm\u00e3o parece muito feliz quando Poliana diz a ele que Nikki estava totalmente irritada porque ele tinha ido embora. Vit\u00f3ria vai ao hospital buscar An\u00edbal e lev\u00e1-lo para casa. Ele percebe que a filha est\u00e1 a trat\u00e1-lo friamente. Ela admite que est\u00e1 chateada: \u201cele n\u00e3o foi sincero com ela e Adriana.\u201d Ela est\u00e1 cheia de intrigas e precisa ser capaz de confiar nele novamente.<\/p>\n<p>Nelson discursa para Salviano sobre o inferno em que est\u00e1 a morar. Ele diz ter que implorar a Vit\u00f3ria para n\u00e3o se divorciar dele. Salviano quer saber se \u00e9 por causa de Nikki. Nelson diz: \u201cBem, apenas em parte. Ele tamb\u00e9m tem seu futuro para cuidar.\u201d O discurso de Nelson \u00e9 interrompido por uma mensagem de Kendra. Salviano sai para cumprir uma miss\u00e3o pessoal e Nelson, sozinho, conversa com sua amante.<\/p>\n<p>(*) edi\u00e7\u00e3o das novelas do SBT, &#8220;Amores Verdadeiros&#8221;, sujeito a altera\u00e7\u00e3o de data e conte\u00fado.<\/p>\n<p>Sinopse &#8220;Amores Verdadeiros&#8221;: Vit\u00f3ria Balvanera \u00e9 diretora de cria\u00e7\u00e3o da Meta Imagem Internacional, a mais importante ag\u00eancia de publicidade do pa\u00eds. O seu sucesso a tornou alvo de criminosos e \u00e9 durante um destes ataques que conhece Jos\u00e9 \u00c1ngelo, um simples campon\u00eas. Quando Jos\u00e9 \u00c2ngelo vai \u00e0 fazenda para pedir um emprego como capataz, um grupo de criminosos invade a propriedade para sequestrar Vit\u00f3ria. Gra\u00e7as ao seu treinamento de Aikido, ele evita o sequestro e salva Vit\u00f3ria, assim um encontro \u00fanico e emocionante surge entre eles. <\/p>\n","protected":false},"excerpt":{"rendered":"<p>Resumo da novela &#8220;Amores Verdadeiros&#8221; em 25\/05: no cap\u00edtulo 077(*) da novela, na Meta Imagem, Aguiar fica intrigado com a maneira brusca de Vit\u00f3ria e pergunta se ela quer que ele deixe sua vida para sempre. Vit\u00f3ria afirma que est\u00e1 chateada porque Aguiar sabia que ela tinha uma terceira irm\u00e3 e escondeu isso dela. Aguiar [&hellip;]<\/p>\n","protected":false},"author":4,"featured_media":203226,"comment_status":"closed","ping_status":"closed","sticky":false,"template":"","format":"standard","meta":{"tdm_status":"","tdm_grid_status":"","footnotes":""},"categories":[2189,379,2025,372,343],"tags":[441],"class_list":{"0":"post-206894","1":"post","2":"type-post","3":"status-publish","4":"format-standard","5":"has-post-thumbnail","7":"category-amores-verdadeiros","8":"category-novelas","9":"category-resumo","10":"category-sbt","11":"category-televisao","12":"tag-resumo-do-dia"},"_links":{"self":[{"href":"https:\/\/migracao.redenoticia.com.br\/noticia\/wp-json\/wp\/v2\/posts\/206894","targetHints":{"allow":["GET"]}}],"collection":[{"href":"https:\/\/migracao.redenoticia.com.br\/noticia\/wp-json\/wp\/v2\/posts"}],"about":[{"href":"https:\/\/migracao.redenoticia.com.br\/noticia\/wp-json\/wp\/v2\/types\/post"}],"author":[{"embeddable":true,"href":"https:\/\/migracao.redenoticia.com.br\/noticia\/wp-json\/wp\/v2\/users\/4"}],"replies":[{"embeddable":true,"href":"https:\/\/migracao.redenoticia.com.br\/noticia\/wp-json\/wp\/v2\/comments?post=206894"}],"version-history":[{"count":0,"href":"https:\/\/migracao.redenoticia.com.br\/noticia\/wp-json\/wp\/v2\/posts\/206894\/revisions"}],"wp:featuredmedia":[{"embeddable":true,"href":"https:\/\/migracao.redenoticia.com.br\/noticia\/wp-json\/wp\/v2\/media\/203226"}],"wp:attachment":[{"href":"https:\/\/migracao.redenoticia.com.br\/noticia\/wp-json\/wp\/v2\/media?parent=206894"}],"wp:term":[{"taxonomy":"category","embeddable":true,"href":"https:\/\/migracao.redenoticia.com.br\/noticia\/wp-json\/wp\/v2\/categories?post=206894"},{"taxonomy":"post_tag","embeddable":true,"href":"https:\/\/migracao.redenoticia.com.br\/noticia\/wp-json\/wp\/v2\/tags?post=206894"}],"curies":[{"name":"wp","href":"https:\/\/api.w.org\/{rel}","templated":true}]}}