{"id":206899,"date":"2021-05-24T12:21:14","date_gmt":"2021-05-24T15:21:14","guid":{"rendered":"https:\/\/www.redenoticia.com.br\/noticia\/?p=206899"},"modified":"2021-05-24T12:21:14","modified_gmt":"2021-05-24T15:21:14","slug":"resumo-coracao-indomavel-25-05-alessandro-se-sente-angustiado-por-nao-saber-nada-da-filha","status":"publish","type":"post","link":"https:\/\/migracao.redenoticia.com.br\/noticia\/2021\/resumo-coracao-indomavel-25-05-alessandro-se-sente-angustiado-por-nao-saber-nada-da-filha\/206899","title":{"rendered":"Resumo &#8220;Cora\u00e7\u00e3o Indom\u00e1vel&#8221; 25\/05: Alessandro se sente angustiado por n\u00e3o saber nada da filha"},"content":{"rendered":"<p><img loading=\"lazy\" decoding=\"async\" class=\"aligncenter size-full wp-image-206134\" src=\"https:\/\/migracao.redenoticia.com.br\/noticia\/imagens\/coracao-indomavel-resumo-novela-elenco.jpeg\" alt=\"\" width=\"1280\" height=\"720\" srcset=\"https:\/\/migracao.redenoticia.com.br\/noticia\/imagens\/coracao-indomavel-resumo-novela-elenco.jpeg 1280w, https:\/\/migracao.redenoticia.com.br\/noticia\/imagens\/coracao-indomavel-resumo-novela-elenco-250x140.jpeg 250w, https:\/\/migracao.redenoticia.com.br\/noticia\/imagens\/coracao-indomavel-resumo-novela-elenco-400x225.jpeg 400w, https:\/\/migracao.redenoticia.com.br\/noticia\/imagens\/coracao-indomavel-resumo-novela-elenco-768x432.jpeg 768w, https:\/\/migracao.redenoticia.com.br\/noticia\/imagens\/coracao-indomavel-resumo-novela-elenco-150x85.jpeg 150w\" sizes=\"auto, (max-width: 1280px) 100vw, 1280px\" \/><\/p>\n<p><strong><em>Resumo da novela &#8220;Cora\u00e7\u00e3o Indom\u00e1vel&#8221;<\/em><\/strong> em 25\/05: no cap\u00edtulo 002(*) da novela, Ot\u00e1vio sugere a Maricruz para colocar uma roupa limpa depois do banho. Apaixonada por Ot\u00e1vio, Maricruz toma banho no rio, se veste com roupa e sapatos limpos e vai encontrar o rapaz na beira da estrada. Miguel concorda com Ot\u00e1vio e permite que ele anuncie a venda da fazenda. Maricruz fica decepcionada quando Ot\u00e1vio passa por ela em seu jipe e finge que n\u00e3o a v\u00ea. Depois ele se arrepende e vai at\u00e9 a cabana para se desculpar.<\/p>\n<p>L\u00facia e Miguel combinam que far\u00e3o de tudo para que ningu\u00e9m se interesse em comprar a fazenda. Em sua mans\u00e3o, Alessandro olha emocionado para uma foto. Depois comenta com Tobias que se sente angustiado por n\u00e3o saber nada sobre o paradeiro da filha que teve com Lupita. L\u00facia atende a liga\u00e7\u00e3o de uma pessoa interessada em comprar a fazenda e diz que ela j\u00e1 foi vendida e pede a Of\u00e9lia que n\u00e3o comente nada com Ot\u00e1vio. Ot\u00e1vio pede a Miguel que mande uma vaca para a cabana onde vive Maricruz.<\/p>\n<p>(*) edi\u00e7\u00e3o das novelas do SBT, &#8220;Cora\u00e7\u00e3o Indom\u00e1vel&#8221;, sujeito a altera\u00e7\u00e3o de data e conte\u00fado.<\/p>\n<p>Sinopse &#8220;Cora\u00e7\u00e3o Indom\u00e1vel&#8221;: A novela conta a hist\u00f3ria da pobre Maricruz que, ap\u00f3s ter sido abandonada pelo marido, decide se vingar daqueles que a humilharam. Ela descobre ser filha de um homem rico, tornando-se uma mulher da alta sociedade.<\/p>\n","protected":false},"excerpt":{"rendered":"<p>Resumo da novela &#8220;Cora\u00e7\u00e3o Indom\u00e1vel&#8221; em 25\/05: no cap\u00edtulo 002(*) da novela, Ot\u00e1vio sugere a Maricruz para colocar uma roupa limpa depois do banho. Apaixonada por Ot\u00e1vio, Maricruz toma banho no rio, se veste com roupa e sapatos limpos e vai encontrar o rapaz na beira da estrada. Miguel concorda com Ot\u00e1vio e permite que [&hellip;]<\/p>\n","protected":false},"author":4,"featured_media":206133,"comment_status":"closed","ping_status":"closed","sticky":false,"template":"","format":"standard","meta":{"tdm_status":"","tdm_grid_status":"","footnotes":""},"categories":[2200,379,2025,372,343],"tags":[441],"class_list":{"0":"post-206899","1":"post","2":"type-post","3":"status-publish","4":"format-standard","5":"has-post-thumbnail","7":"category-coracao-indomavel","8":"category-novelas","9":"category-resumo","10":"category-sbt","11":"category-televisao","12":"tag-resumo-do-dia"},"_links":{"self":[{"href":"https:\/\/migracao.redenoticia.com.br\/noticia\/wp-json\/wp\/v2\/posts\/206899","targetHints":{"allow":["GET"]}}],"collection":[{"href":"https:\/\/migracao.redenoticia.com.br\/noticia\/wp-json\/wp\/v2\/posts"}],"about":[{"href":"https:\/\/migracao.redenoticia.com.br\/noticia\/wp-json\/wp\/v2\/types\/post"}],"author":[{"embeddable":true,"href":"https:\/\/migracao.redenoticia.com.br\/noticia\/wp-json\/wp\/v2\/users\/4"}],"replies":[{"embeddable":true,"href":"https:\/\/migracao.redenoticia.com.br\/noticia\/wp-json\/wp\/v2\/comments?post=206899"}],"version-history":[{"count":0,"href":"https:\/\/migracao.redenoticia.com.br\/noticia\/wp-json\/wp\/v2\/posts\/206899\/revisions"}],"wp:featuredmedia":[{"embeddable":true,"href":"https:\/\/migracao.redenoticia.com.br\/noticia\/wp-json\/wp\/v2\/media\/206133"}],"wp:attachment":[{"href":"https:\/\/migracao.redenoticia.com.br\/noticia\/wp-json\/wp\/v2\/media?parent=206899"}],"wp:term":[{"taxonomy":"category","embeddable":true,"href":"https:\/\/migracao.redenoticia.com.br\/noticia\/wp-json\/wp\/v2\/categories?post=206899"},{"taxonomy":"post_tag","embeddable":true,"href":"https:\/\/migracao.redenoticia.com.br\/noticia\/wp-json\/wp\/v2\/tags?post=206899"}],"curies":[{"name":"wp","href":"https:\/\/api.w.org\/{rel}","templated":true}]}}