{"id":206966,"date":"2021-05-26T11:34:27","date_gmt":"2021-05-26T14:34:27","guid":{"rendered":"https:\/\/www.redenoticia.com.br\/noticia\/?p=206966"},"modified":"2021-05-26T11:34:27","modified_gmt":"2021-05-26T14:34:27","slug":"resumo-coracao-indomavel-27-05-otavio-pede-maricruz-em-casamento","status":"publish","type":"post","link":"https:\/\/migracao.redenoticia.com.br\/noticia\/2021\/resumo-coracao-indomavel-27-05-otavio-pede-maricruz-em-casamento\/206966","title":{"rendered":"Resumo &#8220;Cora\u00e7\u00e3o Indom\u00e1vel&#8221; 27\/05: Ot\u00e1vio pede Maricruz em casamento"},"content":{"rendered":"<p><img loading=\"lazy\" decoding=\"async\" class=\"aligncenter size-full wp-image-206134\" src=\"https:\/\/migracao.redenoticia.com.br\/noticia\/imagens\/coracao-indomavel-resumo-novela-elenco.jpeg\" alt=\"\" width=\"1280\" height=\"720\" srcset=\"https:\/\/migracao.redenoticia.com.br\/noticia\/imagens\/coracao-indomavel-resumo-novela-elenco.jpeg 1280w, https:\/\/migracao.redenoticia.com.br\/noticia\/imagens\/coracao-indomavel-resumo-novela-elenco-250x140.jpeg 250w, https:\/\/migracao.redenoticia.com.br\/noticia\/imagens\/coracao-indomavel-resumo-novela-elenco-400x225.jpeg 400w, https:\/\/migracao.redenoticia.com.br\/noticia\/imagens\/coracao-indomavel-resumo-novela-elenco-768x432.jpeg 768w, https:\/\/migracao.redenoticia.com.br\/noticia\/imagens\/coracao-indomavel-resumo-novela-elenco-150x85.jpeg 150w\" sizes=\"auto, (max-width: 1280px) 100vw, 1280px\" \/><\/p>\n<p><strong><em>Resumo da novela &#8220;Cora\u00e7\u00e3o Indom\u00e1vel&#8221;<\/em><\/strong> em 27\/05: no cap\u00edtulo 004(*) da novela, o m\u00e9dico de Alessandro diz que ele precisa se cuidar se quiser viver muitos anos. Maricruz, chorando, conta a Ramiro que Ot\u00e1vio vai se casar. Ot\u00e1vio critica L\u00facia por acobertar as decis\u00f5es de Miguel. Ramiro pro\u00edbe Maricruz de voltar a procurar Ot\u00e1vio. L\u00facia sofre um desmaio e Of\u00e9lia pergunta se n\u00e3o est\u00e1 gr\u00e1vida. Ot\u00e1vio pede Maricruz em casamento e diz que devem guardar segredo. Ao ver a alegria e inoc\u00eancia de Maricruz, Ot\u00e1vio se sente mal por estar brincando com os sentimentos dela.<\/p>\n<p>Eus\u00e9bio comenta com Ramiro o que o povoado anda falando sobre sua neta. Ramiro diz a Maricruz que vai devolver a vaca. L\u00facia volta do m\u00e9dico e conta ao marido que est\u00e1 esperando um filho. Ot\u00e1vio pede a Ramiro a m\u00e3o de sua neta em casamento. Ot\u00e1vio parabeniza Miguel e L\u00facia pela chegada do beb\u00ea e aproveita para comunicar que vai se casar com Maricruz. Enfurecido com a decis\u00e3o do irm\u00e3o, Miguel diz a ele que n\u00e3o tem por que suportar a presen\u00e7a de Maricruz em sua casa.<\/p>\n<p>(*) edi\u00e7\u00e3o das novelas do SBT, &#8220;Cora\u00e7\u00e3o Indom\u00e1vel&#8221;, sujeito a altera\u00e7\u00e3o de data e conte\u00fado.<\/p>\n<p>Sinopse &#8220;Cora\u00e7\u00e3o Indom\u00e1vel&#8221;: A novela conta a hist\u00f3ria da pobre Maricruz que, ap\u00f3s ter sido abandonada pelo marido, decide se vingar daqueles que a humilharam. Ela descobre ser filha de um homem rico, tornando-se uma mulher da alta sociedade.<\/p>\n","protected":false},"excerpt":{"rendered":"<p>Resumo da novela &#8220;Cora\u00e7\u00e3o Indom\u00e1vel&#8221; em 27\/05: no cap\u00edtulo 004(*) da novela, o m\u00e9dico de Alessandro diz que ele precisa se cuidar se quiser viver muitos anos. Maricruz, chorando, conta a Ramiro que Ot\u00e1vio vai se casar. Ot\u00e1vio critica L\u00facia por acobertar as decis\u00f5es de Miguel. Ramiro pro\u00edbe Maricruz de voltar a procurar Ot\u00e1vio. L\u00facia [&hellip;]<\/p>\n","protected":false},"author":4,"featured_media":206133,"comment_status":"closed","ping_status":"closed","sticky":false,"template":"","format":"standard","meta":{"tdm_status":"","tdm_grid_status":"","footnotes":""},"categories":[2200,379,2025,372,343],"tags":[441],"class_list":{"0":"post-206966","1":"post","2":"type-post","3":"status-publish","4":"format-standard","5":"has-post-thumbnail","7":"category-coracao-indomavel","8":"category-novelas","9":"category-resumo","10":"category-sbt","11":"category-televisao","12":"tag-resumo-do-dia"},"_links":{"self":[{"href":"https:\/\/migracao.redenoticia.com.br\/noticia\/wp-json\/wp\/v2\/posts\/206966","targetHints":{"allow":["GET"]}}],"collection":[{"href":"https:\/\/migracao.redenoticia.com.br\/noticia\/wp-json\/wp\/v2\/posts"}],"about":[{"href":"https:\/\/migracao.redenoticia.com.br\/noticia\/wp-json\/wp\/v2\/types\/post"}],"author":[{"embeddable":true,"href":"https:\/\/migracao.redenoticia.com.br\/noticia\/wp-json\/wp\/v2\/users\/4"}],"replies":[{"embeddable":true,"href":"https:\/\/migracao.redenoticia.com.br\/noticia\/wp-json\/wp\/v2\/comments?post=206966"}],"version-history":[{"count":0,"href":"https:\/\/migracao.redenoticia.com.br\/noticia\/wp-json\/wp\/v2\/posts\/206966\/revisions"}],"wp:featuredmedia":[{"embeddable":true,"href":"https:\/\/migracao.redenoticia.com.br\/noticia\/wp-json\/wp\/v2\/media\/206133"}],"wp:attachment":[{"href":"https:\/\/migracao.redenoticia.com.br\/noticia\/wp-json\/wp\/v2\/media?parent=206966"}],"wp:term":[{"taxonomy":"category","embeddable":true,"href":"https:\/\/migracao.redenoticia.com.br\/noticia\/wp-json\/wp\/v2\/categories?post=206966"},{"taxonomy":"post_tag","embeddable":true,"href":"https:\/\/migracao.redenoticia.com.br\/noticia\/wp-json\/wp\/v2\/tags?post=206966"}],"curies":[{"name":"wp","href":"https:\/\/api.w.org\/{rel}","templated":true}]}}