{"id":206968,"date":"2021-05-26T11:37:05","date_gmt":"2021-05-26T14:37:05","guid":{"rendered":"https:\/\/www.redenoticia.com.br\/noticia\/?p=206968"},"modified":"2021-05-26T11:37:05","modified_gmt":"2021-05-26T14:37:05","slug":"resumo-chiquititas-27-05-gabriela-revela-que-quer-ir-atras-de-seu-passado","status":"publish","type":"post","link":"https:\/\/migracao.redenoticia.com.br\/noticia\/2021\/resumo-chiquititas-27-05-gabriela-revela-que-quer-ir-atras-de-seu-passado\/206968","title":{"rendered":"Resumo \u201cChiquititas\u201d 27\/05: Gabriela revela que quer ir atr\u00e1s de seu passado"},"content":{"rendered":"<p><img loading=\"lazy\" decoding=\"async\" class=\"aligncenter size-full wp-image-195897\" src=\"https:\/\/migracao.redenoticia.com.br\/noticia\/imagens\/chiquititas-resumo-sinopse.jpg\" alt=\"\" width=\"1280\" height=\"720\" srcset=\"https:\/\/migracao.redenoticia.com.br\/noticia\/imagens\/chiquititas-resumo-sinopse.jpg 1280w, https:\/\/migracao.redenoticia.com.br\/noticia\/imagens\/chiquititas-resumo-sinopse-250x140.jpg 250w, https:\/\/migracao.redenoticia.com.br\/noticia\/imagens\/chiquititas-resumo-sinopse-400x225.jpg 400w, https:\/\/migracao.redenoticia.com.br\/noticia\/imagens\/chiquititas-resumo-sinopse-768x432.jpg 768w, https:\/\/migracao.redenoticia.com.br\/noticia\/imagens\/chiquititas-resumo-sinopse-150x85.jpg 150w, https:\/\/migracao.redenoticia.com.br\/noticia\/imagens\/chiquititas-resumo-sinopse-696x392.jpg 696w, https:\/\/migracao.redenoticia.com.br\/noticia\/imagens\/chiquititas-resumo-sinopse-1068x601.jpg 1068w\" sizes=\"auto, (max-width: 1280px) 100vw, 1280px\" \/><\/p>\n<p><strong><em>Resumo da novela \u201cChiquititas\u201d<\/em><\/strong> em 27\/05: no cap\u00edtulo 247(*) da novela, como Clarita est\u00e1 morando na casa de Carol, acaba passando a noite com Beto, seu ex-namorado. Os dois assistem a um filme e comem brigadeiro juntos. Dani descobre que Carol iria jantar na casa de Junior e, por ci\u00fame, faz birra para ir junto. Durante o jantar, Dani faz mais birra. Marian espia Mili ensaiando no quarto e vai para a sala para fazer exatamente o mesmo n\u00famero. Mili n\u00e3o percebe que Marian a copiou, mas nota semelhan\u00e7as entre as apresenta\u00e7\u00f5es. Carmen mant\u00e9m Miguel amarrado em uma cadeira na fazenda. Ela serve uma sopa para o rapaz. No dia seguinte, Carol diz que Dani ter\u00e1 que pedir desculpas para Junior devido suas malcria\u00e7\u00f5es. A menina conta que n\u00e3o trata bem Junior por preferir Fernando.<\/p>\n<p>Gl\u00f3ria (Val\u00e9ria S\u00e2ndalo), m\u00e3e de Janj\u00e3o, vai at\u00e9 a escola e grita com o filho. Os meninos do orfanato ficam com pena do encrenqueiro. A diretora mostra para Gl\u00f3ria a montagem da foto que Janj\u00e3o fez de Janu. A mulher ri com a imagem, mas diz que ir\u00e1 dar um jeito no filho. A diretora explica que o menino ter\u00e1 que participar das aulas de teatro. Cintia diz que Miguel mentiu para Gabriela. Gabriela revela que quer ir atr\u00e1s de seu passado, principalmente da hist\u00f3ria de sua filha, pois se lembra que esteve gr\u00e1vida.<\/p>\n<p>(*) edi\u00e7\u00e3o das novelas do SBT, \u201cChiquititas\u201d, sujeito a altera\u00e7\u00e3o de data e conte\u00fado.<\/p>\n","protected":false},"excerpt":{"rendered":"<p>Resumo da novela \u201cChiquititas\u201d em 27\/05: no cap\u00edtulo 247(*) da novela, como Clarita est\u00e1 morando na casa de Carol, acaba passando a noite com Beto, seu ex-namorado. Os dois assistem a um filme e comem brigadeiro juntos. Dani descobre que Carol iria jantar na casa de Junior e, por ci\u00fame, faz birra para ir junto. [&hellip;]<\/p>\n","protected":false},"author":4,"featured_media":195894,"comment_status":"closed","ping_status":"closed","sticky":false,"template":"","format":"standard","meta":{"tdm_status":"","tdm_grid_status":"","footnotes":""},"categories":[409,379,2025,372,343],"tags":[441],"class_list":{"0":"post-206968","1":"post","2":"type-post","3":"status-publish","4":"format-standard","5":"has-post-thumbnail","7":"category-chiquititas","8":"category-novelas","9":"category-resumo","10":"category-sbt","11":"category-televisao","12":"tag-resumo-do-dia"},"_links":{"self":[{"href":"https:\/\/migracao.redenoticia.com.br\/noticia\/wp-json\/wp\/v2\/posts\/206968","targetHints":{"allow":["GET"]}}],"collection":[{"href":"https:\/\/migracao.redenoticia.com.br\/noticia\/wp-json\/wp\/v2\/posts"}],"about":[{"href":"https:\/\/migracao.redenoticia.com.br\/noticia\/wp-json\/wp\/v2\/types\/post"}],"author":[{"embeddable":true,"href":"https:\/\/migracao.redenoticia.com.br\/noticia\/wp-json\/wp\/v2\/users\/4"}],"replies":[{"embeddable":true,"href":"https:\/\/migracao.redenoticia.com.br\/noticia\/wp-json\/wp\/v2\/comments?post=206968"}],"version-history":[{"count":0,"href":"https:\/\/migracao.redenoticia.com.br\/noticia\/wp-json\/wp\/v2\/posts\/206968\/revisions"}],"wp:featuredmedia":[{"embeddable":true,"href":"https:\/\/migracao.redenoticia.com.br\/noticia\/wp-json\/wp\/v2\/media\/195894"}],"wp:attachment":[{"href":"https:\/\/migracao.redenoticia.com.br\/noticia\/wp-json\/wp\/v2\/media?parent=206968"}],"wp:term":[{"taxonomy":"category","embeddable":true,"href":"https:\/\/migracao.redenoticia.com.br\/noticia\/wp-json\/wp\/v2\/categories?post=206968"},{"taxonomy":"post_tag","embeddable":true,"href":"https:\/\/migracao.redenoticia.com.br\/noticia\/wp-json\/wp\/v2\/tags?post=206968"}],"curies":[{"name":"wp","href":"https:\/\/api.w.org\/{rel}","templated":true}]}}