{"id":207048,"date":"2021-05-27T11:20:22","date_gmt":"2021-05-27T14:20:22","guid":{"rendered":"https:\/\/www.redenoticia.com.br\/noticia\/?p=207048"},"modified":"2021-05-27T11:20:22","modified_gmt":"2021-05-27T14:20:22","slug":"resumo-imperio-28-05-maria-marta-chega-ao-monte-roraima","status":"publish","type":"post","link":"https:\/\/migracao.redenoticia.com.br\/noticia\/2021\/resumo-imperio-28-05-maria-marta-chega-ao-monte-roraima\/207048","title":{"rendered":"Resumo \u201cImp\u00e9rio\u201d 28\/05: Maria Marta chega ao Monte Roraima"},"content":{"rendered":"<p><img loading=\"lazy\" decoding=\"async\" class=\"aligncenter size-full wp-image-205063\" src=\"https:\/\/migracao.redenoticia.com.br\/noticia\/imagens\/novela-imperio-resumo-elenco.jpeg\" alt=\"\" width=\"1280\" height=\"720\" srcset=\"https:\/\/migracao.redenoticia.com.br\/noticia\/imagens\/novela-imperio-resumo-elenco.jpeg 1280w, https:\/\/migracao.redenoticia.com.br\/noticia\/imagens\/novela-imperio-resumo-elenco-250x140.jpeg 250w, https:\/\/migracao.redenoticia.com.br\/noticia\/imagens\/novela-imperio-resumo-elenco-400x225.jpeg 400w, https:\/\/migracao.redenoticia.com.br\/noticia\/imagens\/novela-imperio-resumo-elenco-768x432.jpeg 768w, https:\/\/migracao.redenoticia.com.br\/noticia\/imagens\/novela-imperio-resumo-elenco-150x85.jpeg 150w\" sizes=\"auto, (max-width: 1280px) 100vw, 1280px\" \/><\/p>\n<p><em><strong>Resumo novela \u201cImp\u00e9rio\u201d<\/strong><\/em> em 28\/05: no cap\u00edtulo 041(*) da novela, Jos\u00e9 Alfredo elogia o buf\u00ea e decide cumprimentar Vicente. Enrico fica transtornado com Cl\u00e1udio e Beatriz defende o marido. Cl\u00e1udio afirma que processar\u00e1 T\u00e9o. Vicente marca um encontro com Cristina. Lorraine conta para Ismael que engoliu uma joia. Magn\u00f3lia e Severo s\u00e3o flagrados roubando comida da festa. Jos\u00e9 Alfredo insiste para Vicente comemorar com ele o sucesso de sua festa.<\/p>\n<p>Maria Marta vai para o aeroporto. Maria Clara conforta Enrico. Bianca impede que Cl\u00e1udio veja a repercuss\u00e3o de sua foto na internet. Maria Marta vai para o Monte Roraima e pede para Helena manter sigilo sobre sua viagem. Cora implica com Elivaldo. Helena diz a Jos\u00e9 Pedro que Maria Marta foi para Petr\u00f3polis. Fernando tenta atropelar Vicente. Jos\u00e9 Alfredo vai para a casa de Maria \u00cdsis. Jurema cuida de Reginaldo. Maria Marta chega ao Monte Roraima.<\/p>\n<p>(*) edi\u00e7\u00e3o das novelas da Globo, \u201cImp\u00e9rio\u201d, sujeito a altera\u00e7\u00e3o de data e conte\u00fado.<\/p>\n<p>Sinopse Novela &#8220;Imp\u00e9rio&#8221;: hist\u00f3ria do pernambucano Jos\u00e9 Alfredo de Medeiros (Chay Suede\/Alexandre Nero), o homem de preto. Dono de uma rede de joalherias, o Comendador tem tr\u00eas filhos com a aristocrata falida Maria Marta Mendon\u00e7a e Albuquerque (Adriana Birolli\/Lilia Cabral): Jos\u00e9 Pedro (Caio Blat), Maria Clara (Andreia Horta) e Jo\u00e3o Lucas (Daniel Rocha). Os tr\u00eas disputam a heran\u00e7a da empresa constru\u00edda pelo pai.<\/p>\n","protected":false},"excerpt":{"rendered":"<p>Resumo novela \u201cImp\u00e9rio\u201d em 28\/05: no cap\u00edtulo 041(*) da novela, Jos\u00e9 Alfredo elogia o buf\u00ea e decide cumprimentar Vicente. Enrico fica transtornado com Cl\u00e1udio e Beatriz defende o marido. Cl\u00e1udio afirma que processar\u00e1 T\u00e9o. Vicente marca um encontro com Cristina. Lorraine conta para Ismael que engoliu uma joia. Magn\u00f3lia e Severo s\u00e3o flagrados roubando comida [&hellip;]<\/p>\n","protected":false},"author":4,"featured_media":205061,"comment_status":"closed","ping_status":"closed","sticky":false,"template":"","format":"standard","meta":{"tdm_status":"","tdm_grid_status":"","footnotes":""},"categories":[2196,379,375,2025,343],"tags":[441],"class_list":{"0":"post-207048","1":"post","2":"type-post","3":"status-publish","4":"format-standard","5":"has-post-thumbnail","7":"category-imperio","8":"category-novelas","9":"category-rede-globo","10":"category-resumo","11":"category-televisao","12":"tag-resumo-do-dia"},"_links":{"self":[{"href":"https:\/\/migracao.redenoticia.com.br\/noticia\/wp-json\/wp\/v2\/posts\/207048","targetHints":{"allow":["GET"]}}],"collection":[{"href":"https:\/\/migracao.redenoticia.com.br\/noticia\/wp-json\/wp\/v2\/posts"}],"about":[{"href":"https:\/\/migracao.redenoticia.com.br\/noticia\/wp-json\/wp\/v2\/types\/post"}],"author":[{"embeddable":true,"href":"https:\/\/migracao.redenoticia.com.br\/noticia\/wp-json\/wp\/v2\/users\/4"}],"replies":[{"embeddable":true,"href":"https:\/\/migracao.redenoticia.com.br\/noticia\/wp-json\/wp\/v2\/comments?post=207048"}],"version-history":[{"count":0,"href":"https:\/\/migracao.redenoticia.com.br\/noticia\/wp-json\/wp\/v2\/posts\/207048\/revisions"}],"wp:featuredmedia":[{"embeddable":true,"href":"https:\/\/migracao.redenoticia.com.br\/noticia\/wp-json\/wp\/v2\/media\/205061"}],"wp:attachment":[{"href":"https:\/\/migracao.redenoticia.com.br\/noticia\/wp-json\/wp\/v2\/media?parent=207048"}],"wp:term":[{"taxonomy":"category","embeddable":true,"href":"https:\/\/migracao.redenoticia.com.br\/noticia\/wp-json\/wp\/v2\/categories?post=207048"},{"taxonomy":"post_tag","embeddable":true,"href":"https:\/\/migracao.redenoticia.com.br\/noticia\/wp-json\/wp\/v2\/tags?post=207048"}],"curies":[{"name":"wp","href":"https:\/\/api.w.org\/{rel}","templated":true}]}}