{"id":207068,"date":"2021-05-28T11:41:02","date_gmt":"2021-05-28T14:41:02","guid":{"rendered":"https:\/\/www.redenoticia.com.br\/noticia\/?p=207068"},"modified":"2021-05-28T11:41:02","modified_gmt":"2021-05-28T14:41:02","slug":"resumo-chiquititas-29-05-fernando-pede-a-dani-que-o-ajude-a-conquistar-carol","status":"publish","type":"post","link":"https:\/\/migracao.redenoticia.com.br\/noticia\/2021\/resumo-chiquititas-29-05-fernando-pede-a-dani-que-o-ajude-a-conquistar-carol\/207068","title":{"rendered":"Resumo \u201cChiquititas\u201d 29\/05: Fernando pede a Dani que o ajude a conquistar Carol"},"content":{"rendered":"<p><img loading=\"lazy\" decoding=\"async\" class=\"aligncenter size-full wp-image-195897\" src=\"https:\/\/migracao.redenoticia.com.br\/noticia\/imagens\/chiquititas-resumo-sinopse.jpg\" alt=\"\" width=\"1280\" height=\"720\" srcset=\"https:\/\/migracao.redenoticia.com.br\/noticia\/imagens\/chiquititas-resumo-sinopse.jpg 1280w, https:\/\/migracao.redenoticia.com.br\/noticia\/imagens\/chiquititas-resumo-sinopse-250x140.jpg 250w, https:\/\/migracao.redenoticia.com.br\/noticia\/imagens\/chiquititas-resumo-sinopse-400x225.jpg 400w, https:\/\/migracao.redenoticia.com.br\/noticia\/imagens\/chiquititas-resumo-sinopse-768x432.jpg 768w, https:\/\/migracao.redenoticia.com.br\/noticia\/imagens\/chiquititas-resumo-sinopse-150x85.jpg 150w, https:\/\/migracao.redenoticia.com.br\/noticia\/imagens\/chiquititas-resumo-sinopse-696x392.jpg 696w, https:\/\/migracao.redenoticia.com.br\/noticia\/imagens\/chiquititas-resumo-sinopse-1068x601.jpg 1068w\" sizes=\"auto, (max-width: 1280px) 100vw, 1280px\" \/><\/p>\n<p><strong><em>Resumo da novela \u201cChiquititas\u201d<\/em><\/strong> em 29\/05: no cap\u00edtulo 249(*) da novela, Na fazenda, Miguel questiona o motivo Carmen nunca falou que gostava dele e faz diversos elogios a ela. Carmen estranha \u00e0 atitude e pergunta se Miguel est\u00e1 tentando persuadi-la, mas ele nega. Dani inventa para Fernando que Carol ainda gosta dele e diz que o m\u00e9dico n\u00e3o pode desistir de Carol. Ana, Neco, Tati, Binho e Teca brincam no p\u00e1tio do orfanato, quando Neco joga a bola, sem querer, para o lado de fora e acerta uma mulher rabugenta. Helena estoura a bola e vai embora. Tati fala que ela deve ser a vizinha da misteriosa s\u00e9tima casa.<\/p>\n<p>As crian\u00e7as a seguem para confirmar onde mora a mulher. No orfanato, Dani, Fernando e Carol conversam quando Junior chega e fica enciumado. Fernando pede a Dani que o ajude a conquistar Carol, ela aceita. Junior pede para Chico criar novas receitas saud\u00e1veis para o dia do lan\u00e7amento do Caf\u00e9 Boutique. Matilde, que finge ser Ernestina, ouve tudo atr\u00e1s da porta. No final da aula de teatro, Mosca convida Janu para jantar no orfanato e Duda chama Marian para ir a sua casa, ambas aceitam. Ana, Neco, Tati, Binho e Teca ficam curiosas para descobrirem o que a vizinha faz e o que existe na s\u00e9tima casa.<\/p>\n<p>(*) edi\u00e7\u00e3o das novelas do SBT, \u201cChiquititas\u201d, sujeito a altera\u00e7\u00e3o de data e conte\u00fado.<\/p>\n","protected":false},"excerpt":{"rendered":"<p>Resumo da novela \u201cChiquititas\u201d em 29\/05: no cap\u00edtulo 249(*) da novela, Na fazenda, Miguel questiona o motivo Carmen nunca falou que gostava dele e faz diversos elogios a ela. Carmen estranha \u00e0 atitude e pergunta se Miguel est\u00e1 tentando persuadi-la, mas ele nega. Dani inventa para Fernando que Carol ainda gosta dele e diz que [&hellip;]<\/p>\n","protected":false},"author":4,"featured_media":195894,"comment_status":"closed","ping_status":"closed","sticky":false,"template":"","format":"standard","meta":{"tdm_status":"","tdm_grid_status":"","footnotes":""},"categories":[409,379,2025,372,343],"tags":[441],"class_list":{"0":"post-207068","1":"post","2":"type-post","3":"status-publish","4":"format-standard","5":"has-post-thumbnail","7":"category-chiquititas","8":"category-novelas","9":"category-resumo","10":"category-sbt","11":"category-televisao","12":"tag-resumo-do-dia"},"_links":{"self":[{"href":"https:\/\/migracao.redenoticia.com.br\/noticia\/wp-json\/wp\/v2\/posts\/207068","targetHints":{"allow":["GET"]}}],"collection":[{"href":"https:\/\/migracao.redenoticia.com.br\/noticia\/wp-json\/wp\/v2\/posts"}],"about":[{"href":"https:\/\/migracao.redenoticia.com.br\/noticia\/wp-json\/wp\/v2\/types\/post"}],"author":[{"embeddable":true,"href":"https:\/\/migracao.redenoticia.com.br\/noticia\/wp-json\/wp\/v2\/users\/4"}],"replies":[{"embeddable":true,"href":"https:\/\/migracao.redenoticia.com.br\/noticia\/wp-json\/wp\/v2\/comments?post=207068"}],"version-history":[{"count":0,"href":"https:\/\/migracao.redenoticia.com.br\/noticia\/wp-json\/wp\/v2\/posts\/207068\/revisions"}],"wp:featuredmedia":[{"embeddable":true,"href":"https:\/\/migracao.redenoticia.com.br\/noticia\/wp-json\/wp\/v2\/media\/195894"}],"wp:attachment":[{"href":"https:\/\/migracao.redenoticia.com.br\/noticia\/wp-json\/wp\/v2\/media?parent=207068"}],"wp:term":[{"taxonomy":"category","embeddable":true,"href":"https:\/\/migracao.redenoticia.com.br\/noticia\/wp-json\/wp\/v2\/categories?post=207068"},{"taxonomy":"post_tag","embeddable":true,"href":"https:\/\/migracao.redenoticia.com.br\/noticia\/wp-json\/wp\/v2\/tags?post=207068"}],"curies":[{"name":"wp","href":"https:\/\/api.w.org\/{rel}","templated":true}]}}