{"id":207091,"date":"2021-05-29T18:59:07","date_gmt":"2021-05-29T21:59:07","guid":{"rendered":"https:\/\/www.redenoticia.com.br\/noticia\/?p=207091"},"modified":"2021-05-29T18:59:07","modified_gmt":"2021-05-29T21:59:07","slug":"resumo-imperio-31-05-ismael-entrega-o-anel-de-esmeralda-para-jose-alfredo","status":"publish","type":"post","link":"https:\/\/migracao.redenoticia.com.br\/noticia\/2021\/resumo-imperio-31-05-ismael-entrega-o-anel-de-esmeralda-para-jose-alfredo\/207091","title":{"rendered":"Resumo \u201cImp\u00e9rio\u201d 31\/05: Ismael entrega o anel de esmeralda para Jos\u00e9 Alfredo"},"content":{"rendered":"<p> <img loading=\"lazy\" decoding=\"async\" class=\"aligncenter size-full wp-image-205063\" src=\"https:\/\/migracao.redenoticia.com.br\/noticia\/imagens\/novela-imperio-resumo-elenco.jpeg\" alt=\"\" width=\"1280\" height=\"720\" srcset=\"https:\/\/migracao.redenoticia.com.br\/noticia\/imagens\/novela-imperio-resumo-elenco.jpeg 1280w, https:\/\/migracao.redenoticia.com.br\/noticia\/imagens\/novela-imperio-resumo-elenco-250x140.jpeg 250w, https:\/\/migracao.redenoticia.com.br\/noticia\/imagens\/novela-imperio-resumo-elenco-400x225.jpeg 400w, https:\/\/migracao.redenoticia.com.br\/noticia\/imagens\/novela-imperio-resumo-elenco-768x432.jpeg 768w, https:\/\/migracao.redenoticia.com.br\/noticia\/imagens\/novela-imperio-resumo-elenco-150x85.jpeg 150w\" sizes=\"auto, (max-width: 1280px) 100vw, 1280px\" \/><\/p>\n<p><em><strong>Resumo novela \u201cImp\u00e9rio\u201d<\/strong><\/em> em 31\/05: no cap\u00edtulo 043(*) da novela, Jos\u00e9 Alfredo aprecia a foto do Monte Roraima. Maria Marta destrata o piloto do helic\u00f3ptero. Antoninho agradece a Xana pela festa. Maria \u00cdsis vai \u00e0 casa de seus pais. Jo\u00e3o Lucas decide seguir Maria \u00cdsis. Reginaldo avisa a Karina que est\u00e1 voltando para casa. Jurema e Tuane pensam em investigar o marido. Maria Marta e Maur\u00edlio descem o Monte Roraima juntos. Enrico elogia Vicente e todos se surpreendem. Cora faz mais uma colagem em seu \u00e1lbum de recortes.<\/p>\n<p>Merival pede para falar com Leonardo e Cl\u00e1udio hesita. Cl\u00e1udio sofre ao expulsar Enrico de casa. Severo faz o exame de DNA e avisa a Cora. Maria \u00cdsis \u00e9 hostil com Jo\u00e3o Lucas. Ismael pede para falar com Jos\u00e9 Alfredo, mas \u00e9 barrado na entrada da joalheria Imp\u00e9rio. Maria Marta avisa a Helena sobre seu retorno e se despede de Maur\u00edlio. Ismael entrega o anel de esmeralda para Jos\u00e9 Alfredo.<\/p>\n<p>(*) edi\u00e7\u00e3o das novelas da Globo, \u201cImp\u00e9rio\u201d, sujeito a altera\u00e7\u00e3o de data e conte\u00fado.<\/p>\n<p>Sinopse Novela &#8220;Imp\u00e9rio&#8221;: hist\u00f3ria do pernambucano Jos\u00e9 Alfredo de Medeiros (Chay Suede\/Alexandre Nero), o homem de preto. Dono de uma rede de joalherias, o Comendador tem tr\u00eas filhos com a aristocrata falida Maria Marta Mendon\u00e7a e Albuquerque (Adriana Birolli\/Lilia Cabral): Jos\u00e9 Pedro (Caio Blat), Maria Clara (Andreia Horta) e Jo\u00e3o Lucas (Daniel Rocha). Os tr\u00eas disputam a heran\u00e7a da empresa constru\u00edda pelo pai. <\/p>\n","protected":false},"excerpt":{"rendered":"<p>Resumo novela \u201cImp\u00e9rio\u201d em 31\/05: no cap\u00edtulo 043(*) da novela, Jos\u00e9 Alfredo aprecia a foto do Monte Roraima. Maria Marta destrata o piloto do helic\u00f3ptero. Antoninho agradece a Xana pela festa. Maria \u00cdsis vai \u00e0 casa de seus pais. Jo\u00e3o Lucas decide seguir Maria \u00cdsis. Reginaldo avisa a Karina que est\u00e1 voltando para casa. Jurema [&hellip;]<\/p>\n","protected":false},"author":2,"featured_media":205061,"comment_status":"closed","ping_status":"closed","sticky":false,"template":"","format":"standard","meta":{"tdm_status":"","tdm_grid_status":"","footnotes":""},"categories":[2196,379,375,2025,343],"tags":[441],"class_list":{"0":"post-207091","1":"post","2":"type-post","3":"status-publish","4":"format-standard","5":"has-post-thumbnail","7":"category-imperio","8":"category-novelas","9":"category-rede-globo","10":"category-resumo","11":"category-televisao","12":"tag-resumo-do-dia"},"_links":{"self":[{"href":"https:\/\/migracao.redenoticia.com.br\/noticia\/wp-json\/wp\/v2\/posts\/207091","targetHints":{"allow":["GET"]}}],"collection":[{"href":"https:\/\/migracao.redenoticia.com.br\/noticia\/wp-json\/wp\/v2\/posts"}],"about":[{"href":"https:\/\/migracao.redenoticia.com.br\/noticia\/wp-json\/wp\/v2\/types\/post"}],"author":[{"embeddable":true,"href":"https:\/\/migracao.redenoticia.com.br\/noticia\/wp-json\/wp\/v2\/users\/2"}],"replies":[{"embeddable":true,"href":"https:\/\/migracao.redenoticia.com.br\/noticia\/wp-json\/wp\/v2\/comments?post=207091"}],"version-history":[{"count":0,"href":"https:\/\/migracao.redenoticia.com.br\/noticia\/wp-json\/wp\/v2\/posts\/207091\/revisions"}],"wp:featuredmedia":[{"embeddable":true,"href":"https:\/\/migracao.redenoticia.com.br\/noticia\/wp-json\/wp\/v2\/media\/205061"}],"wp:attachment":[{"href":"https:\/\/migracao.redenoticia.com.br\/noticia\/wp-json\/wp\/v2\/media?parent=207091"}],"wp:term":[{"taxonomy":"category","embeddable":true,"href":"https:\/\/migracao.redenoticia.com.br\/noticia\/wp-json\/wp\/v2\/categories?post=207091"},{"taxonomy":"post_tag","embeddable":true,"href":"https:\/\/migracao.redenoticia.com.br\/noticia\/wp-json\/wp\/v2\/tags?post=207091"}],"curies":[{"name":"wp","href":"https:\/\/api.w.org\/{rel}","templated":true}]}}