{"id":207096,"date":"2021-05-29T18:56:10","date_gmt":"2021-05-29T21:56:10","guid":{"rendered":"https:\/\/www.redenoticia.com.br\/noticia\/?p=207096"},"modified":"2021-05-29T18:56:10","modified_gmt":"2021-05-29T21:56:10","slug":"resumo-chiquititas-31-05-mili-reencontra-miguel-nos-tuneis-do-orfanato","status":"publish","type":"post","link":"https:\/\/migracao.redenoticia.com.br\/noticia\/2021\/resumo-chiquititas-31-05-mili-reencontra-miguel-nos-tuneis-do-orfanato\/207096","title":{"rendered":"Resumo \u201cChiquititas\u201d 31\/05: Mili reencontra Miguel nos t\u00faneis do orfanato"},"content":{"rendered":"<p> <img loading=\"lazy\" decoding=\"async\" class=\"aligncenter size-full wp-image-195897\" src=\"https:\/\/migracao.redenoticia.com.br\/noticia\/imagens\/chiquititas-resumo-sinopse.jpg\" alt=\"\" width=\"1280\" height=\"720\" srcset=\"https:\/\/migracao.redenoticia.com.br\/noticia\/imagens\/chiquititas-resumo-sinopse.jpg 1280w, https:\/\/migracao.redenoticia.com.br\/noticia\/imagens\/chiquititas-resumo-sinopse-250x140.jpg 250w, https:\/\/migracao.redenoticia.com.br\/noticia\/imagens\/chiquititas-resumo-sinopse-400x225.jpg 400w, https:\/\/migracao.redenoticia.com.br\/noticia\/imagens\/chiquititas-resumo-sinopse-768x432.jpg 768w, https:\/\/migracao.redenoticia.com.br\/noticia\/imagens\/chiquititas-resumo-sinopse-150x85.jpg 150w, https:\/\/migracao.redenoticia.com.br\/noticia\/imagens\/chiquititas-resumo-sinopse-696x392.jpg 696w, https:\/\/migracao.redenoticia.com.br\/noticia\/imagens\/chiquititas-resumo-sinopse-1068x601.jpg 1068w\" sizes=\"auto, (max-width: 1280px) 100vw, 1280px\" \/><\/p>\n<p><strong><em>Resumo da novela \u201cChiquititas\u201d<\/em><\/strong> em 31\/05: no cap\u00edtulo 250(*) da novela, Junior abra\u00e7a Gabriela, que est\u00e1 sem mem\u00f3ria, e diz que est\u00e1 feliz que ela est\u00e1 viva. Carol aconselha que os tr\u00eas subam para o escrit\u00f3rio do Caf\u00e9 Boutique conversar com mais calma. No orfanato, Neco, Ana, Tati, Teca, Binho e Thiago perguntam se Chico j\u00e1 ouviu falar da &#8220;vizinha da s\u00e9tima casa&#8221;. O cozinheiro diz que s\u00f3 viu a senhora por duas vezes, sempre na farm\u00e1cia comprando rem\u00e9dios. Chico conta que ela quase n\u00e3o sai de casa. No escrit\u00f3rio, Gabriela conta tudo o que aconteceu durante esse per\u00edodo, de seu resgate, reencontro com Carmen, ida para Paris e Miguel. Junior fica inconformado com todas as maldades praticadas por Carmen com sua irm\u00e3. Mili reencontra Miguel nos t\u00faneis do orfanato. Os dois se abra\u00e7am. Na mans\u00e3o dos Almeida Campos, Junior desmascara Carmen.<\/p>\n<p>Gabriela aparece na mans\u00e3o. Carmen mente e diz que se aliou a Cintia para proteger Gabriela de Miguel, que lhe amea\u00e7ou. Junior fica nervoso, diz que as palavras que saem da boca da tia s\u00e3o como lixo e que n\u00e3o acredita mais nela. Gabriela rev\u00ea Valentina, que est\u00e1 em coma na mans\u00e3o. Beto tenta beijar Clarita, que d\u00e1um tapa na cara dele antes de voltar para a casa dos pais. Carmen liga para Matilde e diz: &#8220;Presta a aten\u00e7\u00e3o. A casa caiu. Gabriela voltou e o Miguel fugiu!&#8221;. Maria tira os \u00faltimos n\u00f3s do cabelo da Boneca Laura. Mili conta para a pequenina que Miguel est\u00e1 de volta. As duas tentam ir at\u00e9 o por\u00e3o, mas Matilde fica atenta a todas as movimenta\u00e7\u00f5es delas, que disfar\u00e7am. Chico recebe um cheque de alto valor pelo sucesso da receita de seu bolinho no Caf\u00e9 Boutique.<\/p>\n<p>Durante o caf\u00e9 da manh\u00e3, Chico diz que todos precisam relaxar, pergunta se as chiquititas j\u00e1 viram o mar e revela que ir\u00e1 levar todos para conhecer o Rio de Janeiro, a cidade maravilhosa. Todos ficam muito animados e contentes. Chico diz que mandar\u00e1 envelopar um \u00f4nibus com a palavra &#8220;Chiquititas&#8221; para a viagem ser ainda mais animada. Todas entram no \u00f4nibus e pegam a estrada rumo ao Rio de Janeiro, com muita m\u00fasica e dan\u00e7a. Clipe musical de cena da m\u00fasica &#8220;Todo Mundo Chic&#8221; durante a viagem. No Rio de Janeiro, as chiquititas andam no Bondinho, embora Neco fique com medo. Mosca pega no queixo de Mili, que sai de perto dele. Todos chegam ao P\u00e3o de A\u00e7\u00facar. Estreia do videoclipe com a m\u00fasica &#8220;Rio de Janeiro&#8221;, dire\u00e7\u00e3o de Reynaldo Boury. As crian\u00e7as ficam admiradas com a paisagem do P\u00e3o de A\u00e7\u00facar. Mili est\u00e1 chateada com Mosca.<\/p>\n<p>(*) edi\u00e7\u00e3o das novelas do SBT, \u201cChiquititas\u201d, sujeito a altera\u00e7\u00e3o de data e conte\u00fado.<\/p>\n","protected":false},"excerpt":{"rendered":"<p>Resumo da novela \u201cChiquititas\u201d em 31\/05: no cap\u00edtulo 250(*) da novela, Junior abra\u00e7a Gabriela, que est\u00e1 sem mem\u00f3ria, e diz que est\u00e1 feliz que ela est\u00e1 viva. Carol aconselha que os tr\u00eas subam para o escrit\u00f3rio do Caf\u00e9 Boutique conversar com mais calma. No orfanato, Neco, Ana, Tati, Teca, Binho e Thiago perguntam se Chico [&hellip;]<\/p>\n","protected":false},"author":2,"featured_media":195894,"comment_status":"closed","ping_status":"closed","sticky":false,"template":"","format":"standard","meta":{"tdm_status":"","tdm_grid_status":"","footnotes":""},"categories":[409,379,2025,372,343],"tags":[441],"class_list":{"0":"post-207096","1":"post","2":"type-post","3":"status-publish","4":"format-standard","5":"has-post-thumbnail","7":"category-chiquititas","8":"category-novelas","9":"category-resumo","10":"category-sbt","11":"category-televisao","12":"tag-resumo-do-dia"},"_links":{"self":[{"href":"https:\/\/migracao.redenoticia.com.br\/noticia\/wp-json\/wp\/v2\/posts\/207096","targetHints":{"allow":["GET"]}}],"collection":[{"href":"https:\/\/migracao.redenoticia.com.br\/noticia\/wp-json\/wp\/v2\/posts"}],"about":[{"href":"https:\/\/migracao.redenoticia.com.br\/noticia\/wp-json\/wp\/v2\/types\/post"}],"author":[{"embeddable":true,"href":"https:\/\/migracao.redenoticia.com.br\/noticia\/wp-json\/wp\/v2\/users\/2"}],"replies":[{"embeddable":true,"href":"https:\/\/migracao.redenoticia.com.br\/noticia\/wp-json\/wp\/v2\/comments?post=207096"}],"version-history":[{"count":0,"href":"https:\/\/migracao.redenoticia.com.br\/noticia\/wp-json\/wp\/v2\/posts\/207096\/revisions"}],"wp:featuredmedia":[{"embeddable":true,"href":"https:\/\/migracao.redenoticia.com.br\/noticia\/wp-json\/wp\/v2\/media\/195894"}],"wp:attachment":[{"href":"https:\/\/migracao.redenoticia.com.br\/noticia\/wp-json\/wp\/v2\/media?parent=207096"}],"wp:term":[{"taxonomy":"category","embeddable":true,"href":"https:\/\/migracao.redenoticia.com.br\/noticia\/wp-json\/wp\/v2\/categories?post=207096"},{"taxonomy":"post_tag","embeddable":true,"href":"https:\/\/migracao.redenoticia.com.br\/noticia\/wp-json\/wp\/v2\/tags?post=207096"}],"curies":[{"name":"wp","href":"https:\/\/api.w.org\/{rel}","templated":true}]}}