{"id":207132,"date":"2021-05-31T12:19:58","date_gmt":"2021-05-31T15:19:58","guid":{"rendered":"https:\/\/www.redenoticia.com.br\/noticia\/?p=207132"},"modified":"2021-05-31T12:19:58","modified_gmt":"2021-05-31T15:19:58","slug":"resumo-amores-verdadeiros-01-06-nelson-descobre-que-kendra-esta-gravida","status":"publish","type":"post","link":"https:\/\/migracao.redenoticia.com.br\/noticia\/2021\/resumo-amores-verdadeiros-01-06-nelson-descobre-que-kendra-esta-gravida\/207132","title":{"rendered":"Resumo &#8220;Amores Verdadeiros&#8221; 01\/06: Nelson descobre que kendra est\u00e1 gr\u00e1vida"},"content":{"rendered":"<p><img loading=\"lazy\" decoding=\"async\" src=\"https:\/\/migracao.redenoticia.com.br\/noticia\/imagens\/amores-verdadeiros-resumo-elenco.jpg\" alt=\"\" width=\"1280\" height=\"720\" class=\"aligncenter size-full wp-image-203224\" srcset=\"https:\/\/migracao.redenoticia.com.br\/noticia\/imagens\/amores-verdadeiros-resumo-elenco.jpg 1280w, https:\/\/migracao.redenoticia.com.br\/noticia\/imagens\/amores-verdadeiros-resumo-elenco-250x140.jpg 250w, https:\/\/migracao.redenoticia.com.br\/noticia\/imagens\/amores-verdadeiros-resumo-elenco-400x225.jpg 400w, https:\/\/migracao.redenoticia.com.br\/noticia\/imagens\/amores-verdadeiros-resumo-elenco-768x432.jpg 768w, https:\/\/migracao.redenoticia.com.br\/noticia\/imagens\/amores-verdadeiros-resumo-elenco-150x85.jpg 150w\" sizes=\"auto, (max-width: 1280px) 100vw, 1280px\" \/><br \/>\n<strong><em>Resumo da novela &#8220;Amores Verdadeiros&#8221;<\/em><\/strong> em 01\/06: no cap\u00edtulo 082(*) da novela,  Josefina diz a Aguiar que Vit\u00f3ria n\u00e3o entendeu o que disse a ela. Aguiar diz que abriu seu cora\u00e7\u00e3o para ela. Disse a ela sobre seus sentimentos. Josefina diz: &#8220;Vit\u00f3ria est\u00e1 cega de ci\u00fame. Ela pode ter ouvido, mas n\u00e3o entendeu. Ela achou que voc\u00ea quis dizer que gosta de mim.&#8221;.<\/p>\n<p>Aguiar diz que ela fugiu de casa com Tom\u00e1sia s\u00f3 para ver Josefina. Por que ela fez aquilo? Ele se sente idiota perto dela. Sua vida est\u00e1 ficando complicada. Josefina diz que Vit\u00f3ria sente o mesmo.<\/p>\n<p>Vit\u00f3ria corre para seu est\u00fadio. Ela est\u00e1 olhando para todos os esbo\u00e7os a l\u00e1pis que fez dele.<\/p>\n<p>De volta \u00e0 casa de Josefina, Aguiar diz que n\u00e3o pode amar Vit\u00f3ria assim. Josefina diz que ele n\u00e3o pode negar seus sentimentos. Ele diz que tenta, mas n\u00e3o consegue. Ele se sente muito culpado.<\/p>\n<p>Em seu est\u00fadio, Vit\u00f3ria est\u00e1 rasgando os esbo\u00e7os do rosto de Aguiar em peda\u00e7os.<\/p>\n<p>Aguiar diz que n\u00e3o pode fazer nada al\u00e9m de pensar nela: &#8220;N\u00e3o consigo parar de pensar nela. \u00c9 muito assustador.&#8221;<\/p>\n<p>Vit\u00f3ria pega o quadro original de Aguiar. Mas n\u00e3o consegue quebr\u00e1-lo.<\/p>\n<p>Senta-se na escada segurando a pintura. Finalmente pega uma faca e rasga a tela.<\/p>\n<p>Aguiar diz que tem medo de aceitar seus sentimentos. Josefina diz: &#8220;V\u00e1 em frente. Isso o ajudar\u00e1 a ver com mais clareza.&#8221;<\/p>\n<p>Vit\u00f3ria ainda chateada, prestes a bater seu laptop no ch\u00e3o, quando Tom\u00e1sia entra.<\/p>\n<p>Vit\u00f3ria admite para Tom\u00e1sia: &#8220;N\u00e3o acredito que me apaixonei.&#8221;<\/p>\n<p>Aguiar ainda se sente culpado, n\u00e3o \u00e9 justo para a Cristina. Ele prometeu que ficariam juntos pelo resto da vida.<\/p>\n<p>Vit\u00f3ria diz que n\u00e3o pode fazer isso com a esposa de Aguiar. Ela n\u00e3o pode quebrar seu casamento. Ela tem que destruir esse amor.<\/p>\n<p>Aguiar diz o mesmo, tenho que arrancar esse sentimento de mim. N\u00e3o quero trair minha esposa.<\/p>\n<p>No escrit\u00f3rio, Beatriz est\u00e1 segurando o anel, tira-o e guarda na bolsa. Ela se lembra do que Paula disse a ela sobre o Salviano ser muito violento.<\/p>\n<p>Kendra chega e pergunta por Nelson. Beatriz diz que ele est\u00e1 em uma reuni\u00e3o. Beatriz quer falar com Kendra sobre Salviano. Cristina v\u00ea acontecer.<\/p>\n<p>Beatriz pede a Kendra para n\u00e3o interferir entre ela e Salviano: &#8220;N\u00e3o vou me deixar levar pela fofoca.&#8221; Cristina pula e diz a ela que viu Salviano vir atr\u00e1s de Kendra, e ela se assustou com o qu\u00e3o violento ele \u00e9. Kendra diz a Cristina deix\u00e1-la. Se Salviano quiser brincar com ela e ela permitir, deixe. Beatriz diz que quer estar com Salviano e, se me enganei, o problema \u00e9 meu. Apesar do conselho de Cristina ou de quem quer que seja, ela prefere confiar em Salviano.<\/p>\n<p>Salviano conversa com a madrinha, Imperia. Ela questiona por que ele j\u00e1 deu um anel para ela. Ele s\u00f3 queria que Beatriz tivesse certeza de suas inten\u00e7\u00f5es. Imperia nunca o viu t\u00e3o apaixonado. Ele diz que est\u00e1 com medo, embora Beatriz tenha dito que o aceita. Ele n\u00e3o \u00e9 santo. Imperia diz que o amor muda as pessoas. Ele quer ser o melhor homem para ela.<\/p>\n<p>Vit\u00f3ria encontra Aguiar. Ele nota que ela chorou. Ela admite, mas n\u00e3o quer falar com ele.<\/p>\n<p>Adriana com seu padrinho Ant\u00f4nio. Ela quer que An\u00edbal acredite que ela o perdoou, e talvez ele se abra com ela dessa forma. Ant\u00f4nio diz que pode funcionar. Eu gostaria que seu relacionamento com seu pai fosse consertado. Ela diz que isso \u00e9 imposs\u00edvel. Ant\u00f4nio est\u00e1 mais preocupado com ela do que com An\u00edbal doente. Ele a ama como uma filha.<\/p>\n<p>Nikki e Roy com An\u00edbal. Nikki o abra\u00e7a. Roy diz: &#8220;Tem que estar muito bem para o nosso casamento.&#8221; Nikki confirma. An\u00edbal diz a Roy que Nikki \u00e9 sua princesa. Avisa que Roy deve trat\u00e1-la bem: &#8220;Para defender minha neta, sou um le\u00e3o. O que seus pais dizem?&#8221; Roy diz que eles aprovam. An\u00edbal diz que esta \u00e9 uma \u00f3tima not\u00edcia: &#8220;Parab\u00e9ns Nikki. Voc\u00ea tem todo o meu apoio.&#8221;<\/p>\n<p>Vit\u00f3ria fala com o m\u00e9dico de Nikki sobre o casamento com Roy. O m\u00e9dico diz que Nikki n\u00e3o deve tomar decis\u00f5es t\u00e3o importantes nesse momento.<\/p>\n<p>Gusm\u00e3o est\u00e1 do lado de fora da casa. Lilli chega, ele percebe que ela se maquiou e ela pergunta como est\u00e1. Ele responde: &#8220;Um pouco estranho, como se n\u00e3o fosse voc\u00ea.&#8221; Ela apenas abaixa a cabe\u00e7a e diz que vai se lavar.<\/p>\n<p>Adriana est\u00e1 l\u00e1 fora, liga para o Francisco: &#8220;Gostaria que nos reun\u00edssemos novamente para conversar.&#8221; Gusm\u00e3o mais do que feliz com isso. Nikki e Roy saem e ouvem o fim da conversa, do lado de Gusm\u00e3o. Nikki n\u00e3o vai com o Roy ao treino, quer esperar a sua professora. Roy vai embora. Gusm\u00e3o pede permiss\u00e3o para ir \u00e0 academia, j\u00e1 que ela n\u00e3o vai sair. Ela est\u00e1 bem com isso. Depois que ele sai, ela fica preocupada que ele realmente esteja saindo com algu\u00e9m.<\/p>\n<p>No escrit\u00f3rio de Vit\u00f3ria, ela conta a Aguiar o que o m\u00e9dico disse a ela sobre Nikki. Vit\u00f3ria n\u00e3o tem certeza se ela \u00e9 t\u00e3o forte em apoiar sua filha. Aguiar diz ao contr\u00e1rio, voc\u00ea \u00e9 a mais forte nas quest\u00f5es relacionadas \u00e0 sua filha. Aguiar se oferece para trazer um caf\u00e9 para ela. Quer que ela relaxe um pouco. Ela come\u00e7ou a escrever outro poema. \u00c9 uma forma de se distrair. Vit\u00f3ria diz que este poema ela escreveu para N\u00e9lson. As reconcilia\u00e7\u00f5es s\u00e3o maravilhosas \u2026. Eles pensam em fazer uma 2\u00aa lua de mel. Vit\u00f3ria quer que Aguiar leia e d\u00ea seu parecer. Ele acha que ela n\u00e3o escreveu o poema para Nelson.<\/p>\n<p>Kendra diz a Nelson que est\u00e1 gr\u00e1vida. Ele fica impactado.<\/p>\n<p>Vit\u00f3ria insiste que escreveu para Nelson e Aguiar diz que soa mais como separa\u00e7\u00e3o do que maquiagem.<\/p>\n<p>Vit\u00f3ria diz que poderia muito bem publicar todos os seus poemas escritos para Nelson com o t\u00edtulo &#8220;Para Nelson, o amor da minha vida&#8221;. Isso cai sobre Aguiar como um balde de tijolos em sua cabe\u00e7a.<\/p>\n<p>Vit\u00f3ria vai ao escrit\u00f3rio de Nelson para ler o poema para ele.<\/p>\n<p>Kendra est\u00e1 no local e diz que quer ter seu filho, porque \u00e9 fruto de seu amor.<\/p>\n<p>Vit\u00f3ria chega e eles congelam.<\/p>\n<p>(*) edi\u00e7\u00e3o das novelas do SBT, &#8220;Amores Verdadeiros&#8221;, sujeito a altera\u00e7\u00e3o de data e conte\u00fado.<\/p>\n<p>Sinopse &#8220;Amores Verdadeiros&#8221;: Vit\u00f3ria Balvanera \u00e9 diretora de cria\u00e7\u00e3o da Meta Imagem Internacional, a mais importante ag\u00eancia de publicidade do pa\u00eds. O seu sucesso a tornou alvo de criminosos e \u00e9 durante um destes ataques que conhece Jos\u00e9 \u00c1ngelo, um simples campon\u00eas. Quando Jos\u00e9 \u00c2ngelo vai \u00e0 fazenda para pedir um emprego como capataz, um grupo de criminosos invade a propriedade para sequestrar Vit\u00f3ria. Gra\u00e7as ao seu treinamento de Aikido, ele evita o sequestro e salva Vit\u00f3ria, assim um encontro \u00fanico e emocionante surge entre eles. <\/p>\n","protected":false},"excerpt":{"rendered":"<p>Resumo da novela &#8220;Amores Verdadeiros&#8221; em 01\/06: no cap\u00edtulo 082(*) da novela, Josefina diz a Aguiar que Vit\u00f3ria n\u00e3o entendeu o que disse a ela. Aguiar diz que abriu seu cora\u00e7\u00e3o para ela. Disse a ela sobre seus sentimentos. Josefina diz: &#8220;Vit\u00f3ria est\u00e1 cega de ci\u00fame. Ela pode ter ouvido, mas n\u00e3o entendeu. Ela achou [&hellip;]<\/p>\n","protected":false},"author":4,"featured_media":203226,"comment_status":"closed","ping_status":"closed","sticky":false,"template":"","format":"standard","meta":{"tdm_status":"","tdm_grid_status":"","footnotes":""},"categories":[2189,379,2025,372,343],"tags":[441],"class_list":{"0":"post-207132","1":"post","2":"type-post","3":"status-publish","4":"format-standard","5":"has-post-thumbnail","7":"category-amores-verdadeiros","8":"category-novelas","9":"category-resumo","10":"category-sbt","11":"category-televisao","12":"tag-resumo-do-dia"},"_links":{"self":[{"href":"https:\/\/migracao.redenoticia.com.br\/noticia\/wp-json\/wp\/v2\/posts\/207132","targetHints":{"allow":["GET"]}}],"collection":[{"href":"https:\/\/migracao.redenoticia.com.br\/noticia\/wp-json\/wp\/v2\/posts"}],"about":[{"href":"https:\/\/migracao.redenoticia.com.br\/noticia\/wp-json\/wp\/v2\/types\/post"}],"author":[{"embeddable":true,"href":"https:\/\/migracao.redenoticia.com.br\/noticia\/wp-json\/wp\/v2\/users\/4"}],"replies":[{"embeddable":true,"href":"https:\/\/migracao.redenoticia.com.br\/noticia\/wp-json\/wp\/v2\/comments?post=207132"}],"version-history":[{"count":0,"href":"https:\/\/migracao.redenoticia.com.br\/noticia\/wp-json\/wp\/v2\/posts\/207132\/revisions"}],"wp:featuredmedia":[{"embeddable":true,"href":"https:\/\/migracao.redenoticia.com.br\/noticia\/wp-json\/wp\/v2\/media\/203226"}],"wp:attachment":[{"href":"https:\/\/migracao.redenoticia.com.br\/noticia\/wp-json\/wp\/v2\/media?parent=207132"}],"wp:term":[{"taxonomy":"category","embeddable":true,"href":"https:\/\/migracao.redenoticia.com.br\/noticia\/wp-json\/wp\/v2\/categories?post=207132"},{"taxonomy":"post_tag","embeddable":true,"href":"https:\/\/migracao.redenoticia.com.br\/noticia\/wp-json\/wp\/v2\/tags?post=207132"}],"curies":[{"name":"wp","href":"https:\/\/api.w.org\/{rel}","templated":true}]}}