{"id":207209,"date":"2021-06-02T14:04:08","date_gmt":"2021-06-02T17:04:08","guid":{"rendered":"https:\/\/www.redenoticia.com.br\/noticia\/?p=207209"},"modified":"2021-06-02T14:04:08","modified_gmt":"2021-06-02T17:04:08","slug":"resumo-imperio-03-06-amanda-descobre-que-jose-alfredo-tem-uma-amante","status":"publish","type":"post","link":"https:\/\/migracao.redenoticia.com.br\/noticia\/2021\/resumo-imperio-03-06-amanda-descobre-que-jose-alfredo-tem-uma-amante\/207209","title":{"rendered":"Resumo \u201cImp\u00e9rio\u201d 03\/06: Amanda descobre que Jos\u00e9 Alfredo tem uma amante"},"content":{"rendered":"<p> <img loading=\"lazy\" decoding=\"async\" class=\"aligncenter size-full wp-image-205063\" src=\"https:\/\/migracao.redenoticia.com.br\/noticia\/imagens\/novela-imperio-resumo-elenco.jpeg\" alt=\"\" width=\"1280\" height=\"720\" srcset=\"https:\/\/migracao.redenoticia.com.br\/noticia\/imagens\/novela-imperio-resumo-elenco.jpeg 1280w, https:\/\/migracao.redenoticia.com.br\/noticia\/imagens\/novela-imperio-resumo-elenco-250x140.jpeg 250w, https:\/\/migracao.redenoticia.com.br\/noticia\/imagens\/novela-imperio-resumo-elenco-400x225.jpeg 400w, https:\/\/migracao.redenoticia.com.br\/noticia\/imagens\/novela-imperio-resumo-elenco-768x432.jpeg 768w, https:\/\/migracao.redenoticia.com.br\/noticia\/imagens\/novela-imperio-resumo-elenco-150x85.jpeg 150w\" sizes=\"auto, (max-width: 1280px) 100vw, 1280px\" \/><\/p>\n<p><em><strong>Resumo novela \u201cImp\u00e9rio\u201d<\/strong><\/em> em 03\/06: no cap\u00edtulo 046(*) da novela, Ismael aborda Vicente, e Fernando desiste de se aproximar do cozinheiro. Tuane discute com Elivaldo. Fernando conversa com Cora e faz pacto com ela. Carmem reclama por Orville permanecer no hospital com Juliane. Helena cuida de Marta. Amanda provoca Danielle. Victor pede que seus pais voltem a morar juntos. Jo\u00e3o Lucas pensa em \u00cdsis.<\/p>\n<p>Marta conta para Amanda que Jos\u00e9 Alfredo tem uma amante. Salvador fica animado com a visita de Orville. Magn\u00f3lia e Severo chegam \u00e0 casa de \u00cdsis, depois que Jos\u00e9 Alfredo vai embora. Cl\u00e1udio v\u00ea um fot\u00f3grafo perto de sua casa. Enrico tenta se desculpar com Maria Clara. Marta chega \u00e0 casa de \u00cdsis e se convida para almo\u00e7ar com a fam\u00edlia dela.<\/p>\n<p>(*) edi\u00e7\u00e3o das novelas da Globo, \u201cImp\u00e9rio\u201d, sujeito a altera\u00e7\u00e3o de data e conte\u00fado.<\/p>\n<p>Sinopse Novela &#8220;Imp\u00e9rio&#8221;: hist\u00f3ria do pernambucano Jos\u00e9 Alfredo de Medeiros (Chay Suede\/Alexandre Nero), o homem de preto. Dono de uma rede de joalherias, o Comendador tem tr\u00eas filhos com a aristocrata falida Maria Marta Mendon\u00e7a e Albuquerque (Adriana Birolli\/Lilia Cabral): Jos\u00e9 Pedro (Caio Blat), Maria Clara (Andreia Horta) e Jo\u00e3o Lucas (Daniel Rocha). Os tr\u00eas disputam a heran\u00e7a da empresa constru\u00edda pelo pai. <\/p>\n","protected":false},"excerpt":{"rendered":"<p>Resumo novela \u201cImp\u00e9rio\u201d em 03\/06: no cap\u00edtulo 046(*) da novela, Ismael aborda Vicente, e Fernando desiste de se aproximar do cozinheiro. Tuane discute com Elivaldo. Fernando conversa com Cora e faz pacto com ela. Carmem reclama por Orville permanecer no hospital com Juliane. Helena cuida de Marta. Amanda provoca Danielle. Victor pede que seus pais [&hellip;]<\/p>\n","protected":false},"author":2,"featured_media":205061,"comment_status":"closed","ping_status":"closed","sticky":false,"template":"","format":"standard","meta":{"tdm_status":"","tdm_grid_status":"","footnotes":""},"categories":[2196,379,375,2025,343],"tags":[441],"class_list":{"0":"post-207209","1":"post","2":"type-post","3":"status-publish","4":"format-standard","5":"has-post-thumbnail","7":"category-imperio","8":"category-novelas","9":"category-rede-globo","10":"category-resumo","11":"category-televisao","12":"tag-resumo-do-dia"},"_links":{"self":[{"href":"https:\/\/migracao.redenoticia.com.br\/noticia\/wp-json\/wp\/v2\/posts\/207209","targetHints":{"allow":["GET"]}}],"collection":[{"href":"https:\/\/migracao.redenoticia.com.br\/noticia\/wp-json\/wp\/v2\/posts"}],"about":[{"href":"https:\/\/migracao.redenoticia.com.br\/noticia\/wp-json\/wp\/v2\/types\/post"}],"author":[{"embeddable":true,"href":"https:\/\/migracao.redenoticia.com.br\/noticia\/wp-json\/wp\/v2\/users\/2"}],"replies":[{"embeddable":true,"href":"https:\/\/migracao.redenoticia.com.br\/noticia\/wp-json\/wp\/v2\/comments?post=207209"}],"version-history":[{"count":0,"href":"https:\/\/migracao.redenoticia.com.br\/noticia\/wp-json\/wp\/v2\/posts\/207209\/revisions"}],"wp:featuredmedia":[{"embeddable":true,"href":"https:\/\/migracao.redenoticia.com.br\/noticia\/wp-json\/wp\/v2\/media\/205061"}],"wp:attachment":[{"href":"https:\/\/migracao.redenoticia.com.br\/noticia\/wp-json\/wp\/v2\/media?parent=207209"}],"wp:term":[{"taxonomy":"category","embeddable":true,"href":"https:\/\/migracao.redenoticia.com.br\/noticia\/wp-json\/wp\/v2\/categories?post=207209"},{"taxonomy":"post_tag","embeddable":true,"href":"https:\/\/migracao.redenoticia.com.br\/noticia\/wp-json\/wp\/v2\/tags?post=207209"}],"curies":[{"name":"wp","href":"https:\/\/api.w.org\/{rel}","templated":true}]}}