{"id":207210,"date":"2021-06-02T13:58:58","date_gmt":"2021-06-02T16:58:58","guid":{"rendered":"https:\/\/www.redenoticia.com.br\/noticia\/?p=207210"},"modified":"2021-06-02T13:58:58","modified_gmt":"2021-06-02T16:58:58","slug":"resumo-coracao-indomavel-03-06-eusebio-beija-soledade","status":"publish","type":"post","link":"https:\/\/migracao.redenoticia.com.br\/noticia\/2021\/resumo-coracao-indomavel-03-06-eusebio-beija-soledade\/207210","title":{"rendered":"Resumo &#8220;Cora\u00e7\u00e3o Indom\u00e1vel&#8221; 03\/06: Eus\u00e9bio beija Soledade"},"content":{"rendered":"<p> <img loading=\"lazy\" decoding=\"async\" class=\"aligncenter size-full wp-image-206134\" src=\"https:\/\/migracao.redenoticia.com.br\/noticia\/imagens\/coracao-indomavel-resumo-novela-elenco.jpeg\" alt=\"\" width=\"1280\" height=\"720\" srcset=\"https:\/\/migracao.redenoticia.com.br\/noticia\/imagens\/coracao-indomavel-resumo-novela-elenco.jpeg 1280w, https:\/\/migracao.redenoticia.com.br\/noticia\/imagens\/coracao-indomavel-resumo-novela-elenco-250x140.jpeg 250w, https:\/\/migracao.redenoticia.com.br\/noticia\/imagens\/coracao-indomavel-resumo-novela-elenco-400x225.jpeg 400w, https:\/\/migracao.redenoticia.com.br\/noticia\/imagens\/coracao-indomavel-resumo-novela-elenco-768x432.jpeg 768w, https:\/\/migracao.redenoticia.com.br\/noticia\/imagens\/coracao-indomavel-resumo-novela-elenco-150x85.jpeg 150w\" sizes=\"auto, (max-width: 1280px) 100vw, 1280px\" \/><\/p>\n<p><strong><em>Resumo da novela &#8220;Cora\u00e7\u00e3o Indom\u00e1vel&#8221;<\/em><\/strong> em 03\/06: no cap\u00edtulo 009(*) da novela, L\u00facia diz a Maricruz que \u00e9 melhor que n\u00e3o pense em ter filhos, pois Ot\u00e1vio tem planos de ir embora da fazenda. Ot\u00e1vio \u00e9 informado que o rebanho da fazenda n\u00e3o tem muito valor. Maricruz diz a Ot\u00e1vio que n\u00e3o vai se sentar \u00e0 mesa, porque a fam\u00edlia receber\u00e1 visitas e n\u00e3o quer passar vergonha, mas ele a obriga a descer. Eus\u00e9bio presenteia Soledade com uma pulseira.<\/p>\n<p>Durante o almo\u00e7o Maricruz, sem inten\u00e7\u00e3o, cospe o vinho em cima de Let\u00edcia e irrita Ot\u00e1vio. Maricruz diz a Ot\u00e1vio que quer voltar para a cabana do av\u00f4. L\u00facia recebe um telegrama onde Ester diz que est\u00e1 chegando \u00e0 fazenda. Ot\u00e1vio diz a Maricruz que precisa seguir as orienta\u00e7\u00f5es de L\u00facia para se comportar diante das visitas. Maricruz afirma que L\u00facia n\u00e3o est\u00e1 ensinando nada. Eus\u00e9bio tenta violentar Soledade e ela foge.<\/p>\n<p>L\u00facia retira os m\u00f3veis do quarto de Maricruz para acomodar Ester e pede que diga a Ot\u00e1vio que foi sua vontade se livrar dos m\u00f3veis. Eus\u00e9bio consegue alcan\u00e7ar Soledade e a beija. Ela volta para casa chorando e com a blusa rasgada. Ester diz a Ot\u00e1vio que tem inveja de sua esposa. Ramiro comenta com Maricruz que faz alguns dias que Soledade n\u00e3o sai da cama e est\u00e1 muito deprimida.<\/p>\n<p>(*) edi\u00e7\u00e3o das novelas do SBT, &#8220;Cora\u00e7\u00e3o Indom\u00e1vel&#8221;, sujeito a altera\u00e7\u00e3o de data e conte\u00fado.<\/p>\n<p>Sinopse &#8220;Cora\u00e7\u00e3o Indom\u00e1vel&#8221;: A novela conta a hist\u00f3ria da pobre Maricruz que, ap\u00f3s ter sido abandonada pelo marido, decide se vingar daqueles que a humilharam. Ela descobre ser filha de um homem rico, tornando-se uma mulher da alta sociedade.<\/p>\n","protected":false},"excerpt":{"rendered":"<p>Resumo da novela &#8220;Cora\u00e7\u00e3o Indom\u00e1vel&#8221; em 03\/06: no cap\u00edtulo 009(*) da novela, L\u00facia diz a Maricruz que \u00e9 melhor que n\u00e3o pense em ter filhos, pois Ot\u00e1vio tem planos de ir embora da fazenda. Ot\u00e1vio \u00e9 informado que o rebanho da fazenda n\u00e3o tem muito valor. Maricruz diz a Ot\u00e1vio que n\u00e3o vai se sentar [&hellip;]<\/p>\n","protected":false},"author":2,"featured_media":206133,"comment_status":"closed","ping_status":"closed","sticky":false,"template":"","format":"standard","meta":{"tdm_status":"","tdm_grid_status":"","footnotes":""},"categories":[2200,379,2025,372,343],"tags":[441],"class_list":{"0":"post-207210","1":"post","2":"type-post","3":"status-publish","4":"format-standard","5":"has-post-thumbnail","7":"category-coracao-indomavel","8":"category-novelas","9":"category-resumo","10":"category-sbt","11":"category-televisao","12":"tag-resumo-do-dia"},"_links":{"self":[{"href":"https:\/\/migracao.redenoticia.com.br\/noticia\/wp-json\/wp\/v2\/posts\/207210","targetHints":{"allow":["GET"]}}],"collection":[{"href":"https:\/\/migracao.redenoticia.com.br\/noticia\/wp-json\/wp\/v2\/posts"}],"about":[{"href":"https:\/\/migracao.redenoticia.com.br\/noticia\/wp-json\/wp\/v2\/types\/post"}],"author":[{"embeddable":true,"href":"https:\/\/migracao.redenoticia.com.br\/noticia\/wp-json\/wp\/v2\/users\/2"}],"replies":[{"embeddable":true,"href":"https:\/\/migracao.redenoticia.com.br\/noticia\/wp-json\/wp\/v2\/comments?post=207210"}],"version-history":[{"count":0,"href":"https:\/\/migracao.redenoticia.com.br\/noticia\/wp-json\/wp\/v2\/posts\/207210\/revisions"}],"wp:featuredmedia":[{"embeddable":true,"href":"https:\/\/migracao.redenoticia.com.br\/noticia\/wp-json\/wp\/v2\/media\/206133"}],"wp:attachment":[{"href":"https:\/\/migracao.redenoticia.com.br\/noticia\/wp-json\/wp\/v2\/media?parent=207210"}],"wp:term":[{"taxonomy":"category","embeddable":true,"href":"https:\/\/migracao.redenoticia.com.br\/noticia\/wp-json\/wp\/v2\/categories?post=207210"},{"taxonomy":"post_tag","embeddable":true,"href":"https:\/\/migracao.redenoticia.com.br\/noticia\/wp-json\/wp\/v2\/tags?post=207210"}],"curies":[{"name":"wp","href":"https:\/\/api.w.org\/{rel}","templated":true}]}}