{"id":207213,"date":"2021-06-02T14:00:40","date_gmt":"2021-06-02T17:00:40","guid":{"rendered":"https:\/\/www.redenoticia.com.br\/noticia\/?p=207213"},"modified":"2021-06-02T14:00:40","modified_gmt":"2021-06-02T17:00:40","slug":"resumo-tititi-03-06-ariclenes-resolve-colocar-gastaozinho-na-cadeia","status":"publish","type":"post","link":"https:\/\/migracao.redenoticia.com.br\/noticia\/2021\/resumo-tititi-03-06-ariclenes-resolve-colocar-gastaozinho-na-cadeia\/207213","title":{"rendered":"Resumo \u201cTiTiTi\u201d 03\/06: Ariclenes resolve colocar Gast\u00e3ozinho na cadeia"},"content":{"rendered":"<p> <img loading=\"lazy\" decoding=\"async\" src=\"https:\/\/migracao.redenoticia.com.br\/noticia\/imagens\/tititi-elenco-personagens.jpeg\" alt=\"\" width=\"1280\" height=\"720\" class=\"aligncenter size-full wp-image-204657\" srcset=\"https:\/\/migracao.redenoticia.com.br\/noticia\/imagens\/tititi-elenco-personagens.jpeg 1280w, https:\/\/migracao.redenoticia.com.br\/noticia\/imagens\/tititi-elenco-personagens-250x140.jpeg 250w, https:\/\/migracao.redenoticia.com.br\/noticia\/imagens\/tititi-elenco-personagens-400x225.jpeg 400w, https:\/\/migracao.redenoticia.com.br\/noticia\/imagens\/tititi-elenco-personagens-768x432.jpeg 768w, https:\/\/migracao.redenoticia.com.br\/noticia\/imagens\/tititi-elenco-personagens-150x85.jpeg 150w\" sizes=\"auto, (max-width: 1280px) 100vw, 1280px\" \/><\/p>\n<p><em><strong>Resumo da novela \u201cTiTiTi\u201d<\/strong><\/em> em 03\/06: no cap\u00edtulo 049(*) da novela, os convidados chegam para o desfile de Victor Valentim. Valqu\u00edria pede para Jacques contratar Gabriela como copeira do ateli\u00ea. Gast\u00e3ozinho chega ao desfile com Gigi. Luti encontra Camila no desfile e os dois s\u00e3o fotografados juntos. Armandinho acompanha o desfile pela internet enquanto Jorgito apoia Desir\u00e9e da plateia. Jaqueline pede para Jacques avisar a Valentim que Gast\u00e3ozinho armou uma cilada para ele. Valqu\u00edria v\u00ea a foto de Luti com Camila na internet e fica furiosa.<\/p>\n<p>Jacques alerta a Chico que os capangas de Gast\u00e3ozinho est\u00e3o esperando por Victor Valentim e ele conta para Ariclenes. Ariclenes desiste de aparecer e frustra os convidados. Gast\u00e3ozinho suspende o ataque ao espanhol. Amanda diz para Desir\u00e9e que terminou seu namoro com Jorgito. Jorgito se declara para Desir\u00e9e e eles se beijam. Jaqueline fica admirada por Jacques ter ajudado Valentim.<\/p>\n<p>Suzana se preocupa com a integridade de Ariclenes e sugere que ele aposente Valentim. Ari confere a repercuss\u00e3o do seu desfile e se decepciona com as cr\u00edticas. Valqu\u00edria discute com Luti. Valqu\u00edria oferece um emprego no ateli\u00ea de seu pai a Gabriela. O tempo passa e o nascimento do filho de Marcela se aproxima. O movimento no ateli\u00ea de Jacques cresce. O novo ateli\u00ea de Victor Valentim fica pronto e Ari resolve colocar Gast\u00e3ozinho na cadeia.<\/p>\n<p>(*) edi\u00e7\u00e3o das novelas da Globo, \u201cTiTiTi\u201d, sujeito a altera\u00e7\u00e3o de data e conte\u00fado.<\/p>\n<p>Sinopse &#8220;TiTiTi&#8221;: Alexandre Borges e Murilo Ben\u00edcio interpretam os rivais da hist\u00f3ria, respectivamente Jacques Leclair e Victor Valentim, que passam a novela inteira se digladiando para ver quem sobressai no mundo na moda como estilista bem-sucedido, com o nome transformado em grife e as cole\u00e7\u00f5es desfiladas nas grandes semanas de moda e fotografadas para as revistas de celebridades.<\/p>\n","protected":false},"excerpt":{"rendered":"<p>Resumo da novela \u201cTiTiTi\u201d em 03\/06: no cap\u00edtulo 049(*) da novela, os convidados chegam para o desfile de Victor Valentim. Valqu\u00edria pede para Jacques contratar Gabriela como copeira do ateli\u00ea. Gast\u00e3ozinho chega ao desfile com Gigi. Luti encontra Camila no desfile e os dois s\u00e3o fotografados juntos. Armandinho acompanha o desfile pela internet enquanto Jorgito [&hellip;]<\/p>\n","protected":false},"author":2,"featured_media":204655,"comment_status":"closed","ping_status":"closed","sticky":false,"template":"","format":"standard","meta":{"tdm_status":"","tdm_grid_status":"","footnotes":""},"categories":[379,375,2025,343,2193],"tags":[441],"class_list":{"0":"post-207213","1":"post","2":"type-post","3":"status-publish","4":"format-standard","5":"has-post-thumbnail","7":"category-novelas","8":"category-rede-globo","9":"category-resumo","10":"category-televisao","11":"category-tititi","12":"tag-resumo-do-dia"},"_links":{"self":[{"href":"https:\/\/migracao.redenoticia.com.br\/noticia\/wp-json\/wp\/v2\/posts\/207213","targetHints":{"allow":["GET"]}}],"collection":[{"href":"https:\/\/migracao.redenoticia.com.br\/noticia\/wp-json\/wp\/v2\/posts"}],"about":[{"href":"https:\/\/migracao.redenoticia.com.br\/noticia\/wp-json\/wp\/v2\/types\/post"}],"author":[{"embeddable":true,"href":"https:\/\/migracao.redenoticia.com.br\/noticia\/wp-json\/wp\/v2\/users\/2"}],"replies":[{"embeddable":true,"href":"https:\/\/migracao.redenoticia.com.br\/noticia\/wp-json\/wp\/v2\/comments?post=207213"}],"version-history":[{"count":0,"href":"https:\/\/migracao.redenoticia.com.br\/noticia\/wp-json\/wp\/v2\/posts\/207213\/revisions"}],"wp:featuredmedia":[{"embeddable":true,"href":"https:\/\/migracao.redenoticia.com.br\/noticia\/wp-json\/wp\/v2\/media\/204655"}],"wp:attachment":[{"href":"https:\/\/migracao.redenoticia.com.br\/noticia\/wp-json\/wp\/v2\/media?parent=207213"}],"wp:term":[{"taxonomy":"category","embeddable":true,"href":"https:\/\/migracao.redenoticia.com.br\/noticia\/wp-json\/wp\/v2\/categories?post=207213"},{"taxonomy":"post_tag","embeddable":true,"href":"https:\/\/migracao.redenoticia.com.br\/noticia\/wp-json\/wp\/v2\/tags?post=207213"}],"curies":[{"name":"wp","href":"https:\/\/api.w.org\/{rel}","templated":true}]}}