{"id":207332,"date":"2021-06-07T13:06:05","date_gmt":"2021-06-07T16:06:05","guid":{"rendered":"https:\/\/www.redenoticia.com.br\/noticia\/?p=207332"},"modified":"2021-06-07T13:06:05","modified_gmt":"2021-06-07T16:06:05","slug":"novela-malhacao-sonhos-08-06-pedro-chuta-pen-drive-de-alan-para-um-buraco","status":"publish","type":"post","link":"https:\/\/migracao.redenoticia.com.br\/noticia\/2021\/novela-malhacao-sonhos-08-06-pedro-chuta-pen-drive-de-alan-para-um-buraco\/207332","title":{"rendered":"Novela &#8220;Malha\u00e7\u00e3o&#8221; Sonhos 08\/06: Pedro chuta pen-drive de Alan para um buraco"},"content":{"rendered":"<p> <img loading=\"lazy\" decoding=\"async\" class=\"aligncenter size-full wp-image-202688\" src=\"https:\/\/migracao.redenoticia.com.br\/noticia\/imagens\/malhacao-sonhos-elenco-protagonistas.jpg\" alt=\"\" width=\"1280\" height=\"720\" srcset=\"https:\/\/migracao.redenoticia.com.br\/noticia\/imagens\/malhacao-sonhos-elenco-protagonistas.jpg 1280w, https:\/\/migracao.redenoticia.com.br\/noticia\/imagens\/malhacao-sonhos-elenco-protagonistas-250x140.jpg 250w, https:\/\/migracao.redenoticia.com.br\/noticia\/imagens\/malhacao-sonhos-elenco-protagonistas-400x225.jpg 400w, https:\/\/migracao.redenoticia.com.br\/noticia\/imagens\/malhacao-sonhos-elenco-protagonistas-768x432.jpg 768w, https:\/\/migracao.redenoticia.com.br\/noticia\/imagens\/malhacao-sonhos-elenco-protagonistas-150x85.jpg 150w\" sizes=\"auto, (max-width: 1280px) 100vw, 1280px\" \/><\/p>\n<p><em><strong>Resumo da novela &#8220;Malha\u00e7\u00e3o&#8221; Sonhos<\/strong><\/em> em 08\/06: no cap\u00edtulo 097(*) da novela, Heideguer pede que Cobra n\u00e3o se envolva nesse caso. Gael avisa aos alunos sobre Alan. Nat l\u00ea uma mensagem de Alan e deixa sua casa. Todos na casa de Dalva se preparam para ir \u00e0 Pedra do \u00cdndio. Heideguer insinua que o dossi\u00ea sobre a Khan pode n\u00e3o existir, e Dalva se irrita. Nat \u00e9 hostilizada ao tentar falar com Duca. Heideguer pede para Gael e Duca o avisarem caso o dossi\u00ea seja encontrado.<\/p>\n<p>Nat segue o cortejo at\u00e9 a Pedra do \u00cdndio. Dandara sofre por Gael. Jade pergunta se Cobra est\u00e1 envolvido na morte de Alan. Edgard tenta animar Lucr\u00e9cia, que est\u00e1 triste por causa do c\u00e2ncer. Nat esconde sua moto e segue o cortejo pela trilha. Sem perceber, Pedro chuta o pendrive de Alan para dentro de um buraco. Duca d\u00e1 in\u00edcio ao ritual de despedida de Alan. Nat hesita em se aproximar de Duca.<\/p>\n<p>(*) edi\u00e7\u00e3o das novelas da Globo, \u201cMalha\u00e7\u00e3o\u201d Sonhos, sujeito a altera\u00e7\u00e3o de data e conte\u00fado.<\/p>\n<p>Sinopse Novela &#8220;Malha\u00e7\u00e3o&#8221; Sonhos: Formar campe\u00f5es e repassar os princ\u00edpios das artes marciais para os alunos s\u00e3o alguns dos sonhos de Gael (Eriberto Le\u00e3o). Duca (Arthur Aguiar) \u00e9 seu melhor atleta. Ele est\u00e1 sempre acompanhado dos amigos Z\u00e9 (Bruno Fraga) e Marc\u00e3o (Jean Amorim). Karina (Isabella Santoni), filha de Gael, n\u00e3o aceita que o pai s\u00f3 tenha olhos para Duca e treina para ser uma grande lutadora. A ca\u00e7ula do mestre \u00e9 apaixonada pelo disc\u00edpulo do pai e n\u00e3o sabe que ele e sua irm\u00e3, Bianca (Bruna Ham\u00fa), est\u00e3o prestes a assumir o namoro.<\/p>\n","protected":false},"excerpt":{"rendered":"<p>Resumo da novela &#8220;Malha\u00e7\u00e3o&#8221; Sonhos em 08\/06: no cap\u00edtulo 097(*) da novela, Heideguer pede que Cobra n\u00e3o se envolva nesse caso. Gael avisa aos alunos sobre Alan. Nat l\u00ea uma mensagem de Alan e deixa sua casa. Todos na casa de Dalva se preparam para ir \u00e0 Pedra do \u00cdndio. Heideguer insinua que o dossi\u00ea [&hellip;]<\/p>\n","protected":false},"author":2,"featured_media":202687,"comment_status":"closed","ping_status":"closed","sticky":false,"template":"","format":"standard","meta":{"tdm_status":"","tdm_grid_status":"","footnotes":""},"categories":[447,379,375,2025,343],"tags":[441],"class_list":{"0":"post-207332","1":"post","2":"type-post","3":"status-publish","4":"format-standard","5":"has-post-thumbnail","7":"category-malhacao","8":"category-novelas","9":"category-rede-globo","10":"category-resumo","11":"category-televisao","12":"tag-resumo-do-dia"},"_links":{"self":[{"href":"https:\/\/migracao.redenoticia.com.br\/noticia\/wp-json\/wp\/v2\/posts\/207332","targetHints":{"allow":["GET"]}}],"collection":[{"href":"https:\/\/migracao.redenoticia.com.br\/noticia\/wp-json\/wp\/v2\/posts"}],"about":[{"href":"https:\/\/migracao.redenoticia.com.br\/noticia\/wp-json\/wp\/v2\/types\/post"}],"author":[{"embeddable":true,"href":"https:\/\/migracao.redenoticia.com.br\/noticia\/wp-json\/wp\/v2\/users\/2"}],"replies":[{"embeddable":true,"href":"https:\/\/migracao.redenoticia.com.br\/noticia\/wp-json\/wp\/v2\/comments?post=207332"}],"version-history":[{"count":0,"href":"https:\/\/migracao.redenoticia.com.br\/noticia\/wp-json\/wp\/v2\/posts\/207332\/revisions"}],"wp:featuredmedia":[{"embeddable":true,"href":"https:\/\/migracao.redenoticia.com.br\/noticia\/wp-json\/wp\/v2\/media\/202687"}],"wp:attachment":[{"href":"https:\/\/migracao.redenoticia.com.br\/noticia\/wp-json\/wp\/v2\/media?parent=207332"}],"wp:term":[{"taxonomy":"category","embeddable":true,"href":"https:\/\/migracao.redenoticia.com.br\/noticia\/wp-json\/wp\/v2\/categories?post=207332"},{"taxonomy":"post_tag","embeddable":true,"href":"https:\/\/migracao.redenoticia.com.br\/noticia\/wp-json\/wp\/v2\/tags?post=207332"}],"curies":[{"name":"wp","href":"https:\/\/api.w.org\/{rel}","templated":true}]}}