{"id":207334,"date":"2021-06-07T13:07:27","date_gmt":"2021-06-07T16:07:27","guid":{"rendered":"https:\/\/www.redenoticia.com.br\/noticia\/?p=207334"},"modified":"2021-06-07T13:07:27","modified_gmt":"2021-06-07T16:07:27","slug":"resumo-coracao-indomavel-08-06-jose-antonio-e-atingido-por-um-disparo","status":"publish","type":"post","link":"https:\/\/migracao.redenoticia.com.br\/noticia\/2021\/resumo-coracao-indomavel-08-06-jose-antonio-e-atingido-por-um-disparo\/207334","title":{"rendered":"Resumo &#8220;Cora\u00e7\u00e3o Indom\u00e1vel&#8221; 08\/06: Jos\u00e9 Antonio \u00e9 atingido por um disparo"},"content":{"rendered":"<p> <img loading=\"lazy\" decoding=\"async\" class=\"aligncenter size-full wp-image-206134\" src=\"https:\/\/migracao.redenoticia.com.br\/noticia\/imagens\/coracao-indomavel-resumo-novela-elenco.jpeg\" alt=\"\" width=\"1280\" height=\"720\" srcset=\"https:\/\/migracao.redenoticia.com.br\/noticia\/imagens\/coracao-indomavel-resumo-novela-elenco.jpeg 1280w, https:\/\/migracao.redenoticia.com.br\/noticia\/imagens\/coracao-indomavel-resumo-novela-elenco-250x140.jpeg 250w, https:\/\/migracao.redenoticia.com.br\/noticia\/imagens\/coracao-indomavel-resumo-novela-elenco-400x225.jpeg 400w, https:\/\/migracao.redenoticia.com.br\/noticia\/imagens\/coracao-indomavel-resumo-novela-elenco-768x432.jpeg 768w, https:\/\/migracao.redenoticia.com.br\/noticia\/imagens\/coracao-indomavel-resumo-novela-elenco-150x85.jpeg 150w\" sizes=\"auto, (max-width: 1280px) 100vw, 1280px\" \/><\/p>\n<p><strong><em>Resumo da novela &#8220;Cora\u00e7\u00e3o Indom\u00e1vel&#8221;<\/em><\/strong> em 08\/06: no cap\u00edtulo 012(*) da novela, Ester diz a L\u00facia que s\u00f3 precisam fazer com que as pessoas acreditem que Maricruz tem um caso com Jos\u00e9 Antonio. Eus\u00e9bio aconselha Maricruz a provocar ci\u00fames em Ot\u00e1vio se envolvendo com algum pe\u00e3o da fazenda. L\u00facia e Ester pedem autoriza\u00e7\u00e3o a Ot\u00e1vio para que Jos\u00e9 Antonio ensine Maricruz a montar e ele permite. Maricruz sai com Jos\u00e9 Antonio para sua primeira aula de montaria. L\u00facia comemora e diz a Ester que Jos\u00e9 Antonio sempre foi apaixonado por Maricruz.<\/p>\n<p>Preocupada com o marido, Maricruz pede para voltar. Eus\u00e9bio diz a Jos\u00e9 Antonio que o colocaram para ensinar Maricruz com a inten\u00e7\u00e3o que a seduza e conquiste. Maricruz e Jos\u00e9 Antonio se divertem brincando como crian\u00e7as pelo bosque. Ester escreve um bilhete an\u00f4nimo para Ot\u00e1vio contando que sua esposa est\u00e1 saindo com um pe\u00e3o da fazenda. Maria aconselha Maricruz a desistir das aulas de montaria porque \u00e9 uma mulher casada.<\/p>\n<p>Por ordem de Ester, Of\u00e9lia aconselha Eus\u00e9bio a oferecer dinheiro a Jos\u00e9 Antonio para que seduza Maricruz. Preocupada em perder Ot\u00e1vio, Maricruz diz a Jos\u00e9 Antonio que vai desistir das aulas de montaria. Ele insiste para que saiam juntos e, durante o passeio, Jos\u00e9 Antonio \u00e9 atingido por um disparo. Maricruz se apavora e vai at\u00e9 a fazenda pedir ajuda. L\u00facia insinua que foi Ot\u00e1vio quem tentou matar o pe\u00e3o por ci\u00fames. Ot\u00e1vio vai at\u00e9 a cabana e exige que Maricruz lhe d\u00ea uma explica\u00e7\u00e3o.<\/p>\n<p>(*) edi\u00e7\u00e3o das novelas do SBT, &#8220;Cora\u00e7\u00e3o Indom\u00e1vel&#8221;, sujeito a altera\u00e7\u00e3o de data e conte\u00fado.<\/p>\n<p>Sinopse &#8220;Cora\u00e7\u00e3o Indom\u00e1vel&#8221;: A novela conta a hist\u00f3ria da pobre Maricruz que, ap\u00f3s ter sido abandonada pelo marido, decide se vingar daqueles que a humilharam. Ela descobre ser filha de um homem rico, tornando-se uma mulher da alta sociedade.<\/p>\n","protected":false},"excerpt":{"rendered":"<p>Resumo da novela &#8220;Cora\u00e7\u00e3o Indom\u00e1vel&#8221; em 08\/06: no cap\u00edtulo 012(*) da novela, Ester diz a L\u00facia que s\u00f3 precisam fazer com que as pessoas acreditem que Maricruz tem um caso com Jos\u00e9 Antonio. Eus\u00e9bio aconselha Maricruz a provocar ci\u00fames em Ot\u00e1vio se envolvendo com algum pe\u00e3o da fazenda. L\u00facia e Ester pedem autoriza\u00e7\u00e3o a Ot\u00e1vio [&hellip;]<\/p>\n","protected":false},"author":2,"featured_media":206133,"comment_status":"closed","ping_status":"closed","sticky":false,"template":"","format":"standard","meta":{"tdm_status":"","tdm_grid_status":"","footnotes":""},"categories":[2200,379,2025,372,343],"tags":[441],"class_list":{"0":"post-207334","1":"post","2":"type-post","3":"status-publish","4":"format-standard","5":"has-post-thumbnail","7":"category-coracao-indomavel","8":"category-novelas","9":"category-resumo","10":"category-sbt","11":"category-televisao","12":"tag-resumo-do-dia"},"_links":{"self":[{"href":"https:\/\/migracao.redenoticia.com.br\/noticia\/wp-json\/wp\/v2\/posts\/207334","targetHints":{"allow":["GET"]}}],"collection":[{"href":"https:\/\/migracao.redenoticia.com.br\/noticia\/wp-json\/wp\/v2\/posts"}],"about":[{"href":"https:\/\/migracao.redenoticia.com.br\/noticia\/wp-json\/wp\/v2\/types\/post"}],"author":[{"embeddable":true,"href":"https:\/\/migracao.redenoticia.com.br\/noticia\/wp-json\/wp\/v2\/users\/2"}],"replies":[{"embeddable":true,"href":"https:\/\/migracao.redenoticia.com.br\/noticia\/wp-json\/wp\/v2\/comments?post=207334"}],"version-history":[{"count":0,"href":"https:\/\/migracao.redenoticia.com.br\/noticia\/wp-json\/wp\/v2\/posts\/207334\/revisions"}],"wp:featuredmedia":[{"embeddable":true,"href":"https:\/\/migracao.redenoticia.com.br\/noticia\/wp-json\/wp\/v2\/media\/206133"}],"wp:attachment":[{"href":"https:\/\/migracao.redenoticia.com.br\/noticia\/wp-json\/wp\/v2\/media?parent=207334"}],"wp:term":[{"taxonomy":"category","embeddable":true,"href":"https:\/\/migracao.redenoticia.com.br\/noticia\/wp-json\/wp\/v2\/categories?post=207334"},{"taxonomy":"post_tag","embeddable":true,"href":"https:\/\/migracao.redenoticia.com.br\/noticia\/wp-json\/wp\/v2\/tags?post=207334"}],"curies":[{"name":"wp","href":"https:\/\/api.w.org\/{rel}","templated":true}]}}