{"id":207335,"date":"2021-06-07T13:08:04","date_gmt":"2021-06-07T16:08:04","guid":{"rendered":"https:\/\/www.redenoticia.com.br\/noticia\/?p=207335"},"modified":"2021-06-07T13:08:04","modified_gmt":"2021-06-07T16:08:04","slug":"resumo-tititi-08-06-ariclenes-desafia-beatrice","status":"publish","type":"post","link":"https:\/\/migracao.redenoticia.com.br\/noticia\/2021\/resumo-tititi-08-06-ariclenes-desafia-beatrice\/207335","title":{"rendered":"Resumo \u201cTiTiTi\u201d 08\/06: Ariclenes desafia Beatrice"},"content":{"rendered":"<p> <img loading=\"lazy\" decoding=\"async\" src=\"https:\/\/migracao.redenoticia.com.br\/noticia\/imagens\/tititi-elenco-personagens.jpeg\" alt=\"\" width=\"1280\" height=\"720\" class=\"aligncenter size-full wp-image-204657\" srcset=\"https:\/\/migracao.redenoticia.com.br\/noticia\/imagens\/tititi-elenco-personagens.jpeg 1280w, https:\/\/migracao.redenoticia.com.br\/noticia\/imagens\/tititi-elenco-personagens-250x140.jpeg 250w, https:\/\/migracao.redenoticia.com.br\/noticia\/imagens\/tititi-elenco-personagens-400x225.jpeg 400w, https:\/\/migracao.redenoticia.com.br\/noticia\/imagens\/tititi-elenco-personagens-768x432.jpeg 768w, https:\/\/migracao.redenoticia.com.br\/noticia\/imagens\/tititi-elenco-personagens-150x85.jpeg 150w\" sizes=\"auto, (max-width: 1280px) 100vw, 1280px\" \/><\/p>\n<p><em><strong>Resumo da novela \u201cTiTiTi\u201d<\/strong><\/em> em 08\/06: no cap\u00edtulo 052(*) da novela, Edgar confirma que se casar\u00e1 com Marcela e Bruna se revolta. Clotilde chantageia Jacques e o estilista cede \u00e0s suas exig\u00eancias. Luti confessa que desenha para Victor Valentim e Valqu\u00edria n\u00e3o aceita. Gino descobre que Breno passou mal na sala de Rebeca. Breno recebe atendimento m\u00e9dico e \u00e9 aconselhado a fazer exames. Bruna acusa Edgar de trair a mem\u00f3ria do irm\u00e3o e ele decide sair de casa para morar com Marcela. Bruna se desespera com a possibilidade de ficar longe de Paulinho. Gustavo diz a Bruna que a solu\u00e7\u00e3o \u00e9 aceitar o amor de Marcela e Edgar, e Camila ouve sem querer. Pedro se encontra com Jorgito e conta ao amigo sobre sua viagem.<\/p>\n<p>Nicole visita a Lugar Models e reivindica um aumento no cach\u00ea de Desir\u00e9e. Gino convida Rebeca para jantar. Lourdes comunica a Ariclenes que seu contratante cansou de esperar pelo sucesso de Valentim e est\u00e1 exigindo seu dinheiro de volta. Ariclenes garante que ir\u00e1 inaugurar o ateli\u00ea em alguns dias e Lourdes convence o contratante (Dona Mocinha) a lhe dar mais tempo. Pedro, com a mesada suspensa, n\u00e3o tem dinheiro para pagar a conta do restaurante e leva um fora de Priscila.<\/p>\n<p>Ariclenes espalha na internet que Victor Valentim s\u00f3 se mostrar\u00e1 se Beatrice M. aparecer tamb\u00e9m. Tha\u00edsa vai atr\u00e1s de Adriano na Editora e se insinua para o jornalista. Jacques l\u00ea na internet sobre o desafio de Valentim a Beatrice M. e fica furioso. Pedro se depara com Gabriela no ateli\u00ea do pai e demonstra interesse pela copeira. Valqu\u00edria observa Luti falando com Camila na faculdade e fica cada vez mais enciumada.<\/p>\n<p>Adriano e Tha\u00edsa combinam um programa juntos, como amigos. Jorgito descobre que a m\u00e3e vai sair com Gino. Gabriela sai do ateli\u00ea e encontra Pedro \u00e0 sua espera. Luti leva Valqu\u00edria para conhecer a m\u00e3e, quando s\u00e3o surpreendidos pela chegada de Jacques ao apartamento de Suzana. Edgar e Marcela se preparam para ir embora quando Bruna o aborda.<\/p>\n<p>(*) edi\u00e7\u00e3o das novelas da Globo, \u201cTiTiTi\u201d, sujeito a altera\u00e7\u00e3o de data e conte\u00fado.<\/p>\n<p>Sinopse &#8220;TiTiTi&#8221;: Alexandre Borges e Murilo Ben\u00edcio interpretam os rivais da hist\u00f3ria, respectivamente Jacques Leclair e Victor Valentim, que passam a novela inteira se digladiando para ver quem sobressai no mundo na moda como estilista bem-sucedido, com o nome transformado em grife e as cole\u00e7\u00f5es desfiladas nas grandes semanas de moda e fotografadas para as revistas de celebridades.<\/p>\n","protected":false},"excerpt":{"rendered":"<p>Resumo da novela \u201cTiTiTi\u201d em 08\/06: no cap\u00edtulo 052(*) da novela, Edgar confirma que se casar\u00e1 com Marcela e Bruna se revolta. Clotilde chantageia Jacques e o estilista cede \u00e0s suas exig\u00eancias. Luti confessa que desenha para Victor Valentim e Valqu\u00edria n\u00e3o aceita. Gino descobre que Breno passou mal na sala de Rebeca. Breno recebe [&hellip;]<\/p>\n","protected":false},"author":2,"featured_media":204655,"comment_status":"closed","ping_status":"closed","sticky":false,"template":"","format":"standard","meta":{"tdm_status":"","tdm_grid_status":"","footnotes":""},"categories":[379,375,2025,343,2193],"tags":[441],"class_list":{"0":"post-207335","1":"post","2":"type-post","3":"status-publish","4":"format-standard","5":"has-post-thumbnail","7":"category-novelas","8":"category-rede-globo","9":"category-resumo","10":"category-televisao","11":"category-tititi","12":"tag-resumo-do-dia"},"_links":{"self":[{"href":"https:\/\/migracao.redenoticia.com.br\/noticia\/wp-json\/wp\/v2\/posts\/207335","targetHints":{"allow":["GET"]}}],"collection":[{"href":"https:\/\/migracao.redenoticia.com.br\/noticia\/wp-json\/wp\/v2\/posts"}],"about":[{"href":"https:\/\/migracao.redenoticia.com.br\/noticia\/wp-json\/wp\/v2\/types\/post"}],"author":[{"embeddable":true,"href":"https:\/\/migracao.redenoticia.com.br\/noticia\/wp-json\/wp\/v2\/users\/2"}],"replies":[{"embeddable":true,"href":"https:\/\/migracao.redenoticia.com.br\/noticia\/wp-json\/wp\/v2\/comments?post=207335"}],"version-history":[{"count":0,"href":"https:\/\/migracao.redenoticia.com.br\/noticia\/wp-json\/wp\/v2\/posts\/207335\/revisions"}],"wp:featuredmedia":[{"embeddable":true,"href":"https:\/\/migracao.redenoticia.com.br\/noticia\/wp-json\/wp\/v2\/media\/204655"}],"wp:attachment":[{"href":"https:\/\/migracao.redenoticia.com.br\/noticia\/wp-json\/wp\/v2\/media?parent=207335"}],"wp:term":[{"taxonomy":"category","embeddable":true,"href":"https:\/\/migracao.redenoticia.com.br\/noticia\/wp-json\/wp\/v2\/categories?post=207335"},{"taxonomy":"post_tag","embeddable":true,"href":"https:\/\/migracao.redenoticia.com.br\/noticia\/wp-json\/wp\/v2\/tags?post=207335"}],"curies":[{"name":"wp","href":"https:\/\/api.w.org\/{rel}","templated":true}]}}