{"id":207359,"date":"2021-06-08T14:02:27","date_gmt":"2021-06-08T17:02:27","guid":{"rendered":"https:\/\/www.redenoticia.com.br\/noticia\/?p=207359"},"modified":"2021-06-08T14:02:27","modified_gmt":"2021-06-08T17:02:27","slug":"resumo-imperio-09-06-joao-lucas-se-declara-para-maria-isis","status":"publish","type":"post","link":"https:\/\/migracao.redenoticia.com.br\/noticia\/2021\/resumo-imperio-09-06-joao-lucas-se-declara-para-maria-isis\/207359","title":{"rendered":"Resumo \u201cImp\u00e9rio\u201d 09\/06: Jo\u00e3o Lucas se declara para Maria \u00cdsis"},"content":{"rendered":"<p> <img loading=\"lazy\" decoding=\"async\" class=\"aligncenter size-full wp-image-205063\" src=\"https:\/\/migracao.redenoticia.com.br\/noticia\/imagens\/novela-imperio-resumo-elenco.jpeg\" alt=\"\" width=\"1280\" height=\"720\" srcset=\"https:\/\/migracao.redenoticia.com.br\/noticia\/imagens\/novela-imperio-resumo-elenco.jpeg 1280w, https:\/\/migracao.redenoticia.com.br\/noticia\/imagens\/novela-imperio-resumo-elenco-250x140.jpeg 250w, https:\/\/migracao.redenoticia.com.br\/noticia\/imagens\/novela-imperio-resumo-elenco-400x225.jpeg 400w, https:\/\/migracao.redenoticia.com.br\/noticia\/imagens\/novela-imperio-resumo-elenco-768x432.jpeg 768w, https:\/\/migracao.redenoticia.com.br\/noticia\/imagens\/novela-imperio-resumo-elenco-150x85.jpeg 150w\" sizes=\"auto, (max-width: 1280px) 100vw, 1280px\" \/><\/p>\n<p><em><strong>Resumo novela \u201cImp\u00e9rio\u201d<\/strong><\/em> em 09\/06: no cap\u00edtulo 051(*) da novela, Leonardo prende T\u00e9o em seu apartamento e avisa que Cl\u00e1udio est\u00e1 chegando. T\u00e9o fica desesperado. Maria Marta pede para conversar com Jos\u00e9 Alfredo. Maria \u00cdsis marca uma conversa com Jo\u00e3o Lucas. Cl\u00e1udio se esfor\u00e7a para falar com T\u00e9o. Maria \u00cdsis dispensa Magn\u00f3lia, que fica desconfiada. Jurema avisa a Jairo para arrumar sua mudan\u00e7a para o Rio de Janeiro.<\/p>\n<p>Tuane descobre que est\u00e1 sem dinheiro. Jairo furta uma senhora na rua. Amanda provoca Danielle. Maria Marta sugere que Jos\u00e9 Alfredo ajude a fam\u00edlia de Cristina. Xana comenta com Juliane e Nan\u00e1 que se preocupa com o comportamento de Fernando. Ismael pede para voltar a morar com Lorraine. Robert\u00e3o e \u00c9rika passam a noite juntos. Jo\u00e3o Lucas se declara para Maria \u00cdsis.<\/p>\n<p>(*) edi\u00e7\u00e3o das novelas da Globo, \u201cImp\u00e9rio\u201d, sujeito a altera\u00e7\u00e3o de data e conte\u00fado.<\/p>\n<p>Sinopse Novela &#8220;Imp\u00e9rio&#8221;: hist\u00f3ria do pernambucano Jos\u00e9 Alfredo de Medeiros (Chay Suede\/Alexandre Nero), o homem de preto. Dono de uma rede de joalherias, o Comendador tem tr\u00eas filhos com a aristocrata falida Maria Marta Mendon\u00e7a e Albuquerque (Adriana Birolli\/Lilia Cabral): Jos\u00e9 Pedro (Caio Blat), Maria Clara (Andreia Horta) e Jo\u00e3o Lucas (Daniel Rocha). Os tr\u00eas disputam a heran\u00e7a da empresa constru\u00edda pelo pai. <\/p>\n","protected":false},"excerpt":{"rendered":"<p>Resumo novela \u201cImp\u00e9rio\u201d em 09\/06: no cap\u00edtulo 051(*) da novela, Leonardo prende T\u00e9o em seu apartamento e avisa que Cl\u00e1udio est\u00e1 chegando. T\u00e9o fica desesperado. Maria Marta pede para conversar com Jos\u00e9 Alfredo. Maria \u00cdsis marca uma conversa com Jo\u00e3o Lucas. Cl\u00e1udio se esfor\u00e7a para falar com T\u00e9o. Maria \u00cdsis dispensa Magn\u00f3lia, que fica desconfiada. [&hellip;]<\/p>\n","protected":false},"author":2,"featured_media":205061,"comment_status":"closed","ping_status":"closed","sticky":false,"template":"","format":"standard","meta":{"tdm_status":"","tdm_grid_status":"","footnotes":""},"categories":[2196,379,375,2025,343],"tags":[441],"class_list":{"0":"post-207359","1":"post","2":"type-post","3":"status-publish","4":"format-standard","5":"has-post-thumbnail","7":"category-imperio","8":"category-novelas","9":"category-rede-globo","10":"category-resumo","11":"category-televisao","12":"tag-resumo-do-dia"},"_links":{"self":[{"href":"https:\/\/migracao.redenoticia.com.br\/noticia\/wp-json\/wp\/v2\/posts\/207359","targetHints":{"allow":["GET"]}}],"collection":[{"href":"https:\/\/migracao.redenoticia.com.br\/noticia\/wp-json\/wp\/v2\/posts"}],"about":[{"href":"https:\/\/migracao.redenoticia.com.br\/noticia\/wp-json\/wp\/v2\/types\/post"}],"author":[{"embeddable":true,"href":"https:\/\/migracao.redenoticia.com.br\/noticia\/wp-json\/wp\/v2\/users\/2"}],"replies":[{"embeddable":true,"href":"https:\/\/migracao.redenoticia.com.br\/noticia\/wp-json\/wp\/v2\/comments?post=207359"}],"version-history":[{"count":0,"href":"https:\/\/migracao.redenoticia.com.br\/noticia\/wp-json\/wp\/v2\/posts\/207359\/revisions"}],"wp:featuredmedia":[{"embeddable":true,"href":"https:\/\/migracao.redenoticia.com.br\/noticia\/wp-json\/wp\/v2\/media\/205061"}],"wp:attachment":[{"href":"https:\/\/migracao.redenoticia.com.br\/noticia\/wp-json\/wp\/v2\/media?parent=207359"}],"wp:term":[{"taxonomy":"category","embeddable":true,"href":"https:\/\/migracao.redenoticia.com.br\/noticia\/wp-json\/wp\/v2\/categories?post=207359"},{"taxonomy":"post_tag","embeddable":true,"href":"https:\/\/migracao.redenoticia.com.br\/noticia\/wp-json\/wp\/v2\/tags?post=207359"}],"curies":[{"name":"wp","href":"https:\/\/api.w.org\/{rel}","templated":true}]}}