{"id":207365,"date":"2021-06-08T13:58:29","date_gmt":"2021-06-08T16:58:29","guid":{"rendered":"https:\/\/www.redenoticia.com.br\/noticia\/?p=207365"},"modified":"2021-06-08T13:58:29","modified_gmt":"2021-06-08T16:58:29","slug":"resumo-chiquititas-09-06-tati-apresenta-o-homem-triste-a-vivi","status":"publish","type":"post","link":"https:\/\/migracao.redenoticia.com.br\/noticia\/2021\/resumo-chiquititas-09-06-tati-apresenta-o-homem-triste-a-vivi\/207365","title":{"rendered":"Resumo \u201cChiquititas\u201d 09\/06: Tati apresenta o homem triste a Vivi"},"content":{"rendered":"<p> <img loading=\"lazy\" decoding=\"async\" class=\"aligncenter size-full wp-image-195897\" src=\"https:\/\/migracao.redenoticia.com.br\/noticia\/imagens\/chiquititas-resumo-sinopse.jpg\" alt=\"\" width=\"1280\" height=\"720\" srcset=\"https:\/\/migracao.redenoticia.com.br\/noticia\/imagens\/chiquititas-resumo-sinopse.jpg 1280w, https:\/\/migracao.redenoticia.com.br\/noticia\/imagens\/chiquititas-resumo-sinopse-250x140.jpg 250w, https:\/\/migracao.redenoticia.com.br\/noticia\/imagens\/chiquititas-resumo-sinopse-400x225.jpg 400w, https:\/\/migracao.redenoticia.com.br\/noticia\/imagens\/chiquititas-resumo-sinopse-768x432.jpg 768w, https:\/\/migracao.redenoticia.com.br\/noticia\/imagens\/chiquititas-resumo-sinopse-150x85.jpg 150w, https:\/\/migracao.redenoticia.com.br\/noticia\/imagens\/chiquititas-resumo-sinopse-696x392.jpg 696w, https:\/\/migracao.redenoticia.com.br\/noticia\/imagens\/chiquititas-resumo-sinopse-1068x601.jpg 1068w\" sizes=\"auto, (max-width: 1280px) 100vw, 1280px\" \/><\/p>\n<p><strong><em>Resumo da novela \u201cChiquititas\u201d<\/em><\/strong> em 09\/06: no cap\u00edtulo 258(*) da novela, Vivi fala para Bia que \u00e9 muito s\u00e9rio acusar Marian. Cris e Mosca chegam ao Orfanato e falam que os resultados dos exames ainda n\u00e3o sa\u00edram. Tobias est\u00e1 em casa sozinho quando come\u00e7a a ter novas alucina\u00e7\u00f5es com Tom\u00e1s Ferraz. Dr. Fernando fala para Carol que aparentemente n\u00e3o h\u00e1 nenhuma les\u00e3o nos olhos da Mili, mas que precisam aguardar os resultados dos exames. Carmen convida Marian para passar a noite em sua casa e diz que depois ir\u00e1 conversar com Bia. Beto canta uma m\u00fasica em homenagem a \u00c9rika. Clarita fica incomodada e Francis a observa. <\/p>\n<p>Eduarda pega Tobias falando sozinho e pergunta se ele enlouqueceu. Ele diz que est\u00e1 fazendo um ensaio para um teste de elenco. Beto pede \u00c9rika em namoro. Francis pergunta se Clarita est\u00e1 brava com o namoro de Beto e \u00c9rika. Ela nega. Na fazenda, os capangas alimentam Miguel. Eduarda espera Cec\u00edlia chegar e conta que Tobias estava falando sozinho. Ele diz que estava treinando o texto para um comercial. Marian e Carmen tomam caf\u00e9 da manh\u00e3 juntas. Carmen diz que elas precisam tramar um plano para tirar Mili de uma vez por todas do Orfanato.<\/p>\n<p>Dr. Fernando d\u00e1 a not\u00edcia de que Mili vai voltar a enxergar, pois os exames n\u00e3o acusaram ferimento algum no globo ocular. Carmen diz que Marian tem que transformar a vida de Mili em um inferno para ela querer ir embora do Orfanato. Andreia e Diego visitam Junior no escrit\u00f3rio. Andreia convida Junior para ir ao parque. Ele diz que n\u00e3o pode. Andreia n\u00e3o gosta e fala que ele precisa se aproximar do filho. <\/p>\n<p>Neco e Maria veem um gato passeando e decidem segui-lo para verem se os olhos que Neco viu na janela da casa de Helena eram os dele. Neco diz que os olhos eram diferentes. Eles v\u00e3o at\u00e9 a casa de Helena e Neco v\u00ea os olhos novamente na janela e v\u00e3o embora correndo. Mili recebe alta. Tati encontra C\u00edcero. Dr. Fernando tira as vendas dos olhos de Mili, mas ela ainda n\u00e3o volta a enxergar. Vivi vai atr\u00e1s de Tati e a encontra com C\u00edcero. Tati apresenta o \u201chomem triste\u201d a Vivi.<\/p>\n<p>(*) edi\u00e7\u00e3o das novelas do SBT, \u201cChiquititas\u201d, sujeito a altera\u00e7\u00e3o de data e conte\u00fado.<\/p>\n","protected":false},"excerpt":{"rendered":"<p>Resumo da novela \u201cChiquititas\u201d em 09\/06: no cap\u00edtulo 258(*) da novela, Vivi fala para Bia que \u00e9 muito s\u00e9rio acusar Marian. Cris e Mosca chegam ao Orfanato e falam que os resultados dos exames ainda n\u00e3o sa\u00edram. Tobias est\u00e1 em casa sozinho quando come\u00e7a a ter novas alucina\u00e7\u00f5es com Tom\u00e1s Ferraz. Dr. Fernando fala para [&hellip;]<\/p>\n","protected":false},"author":2,"featured_media":195894,"comment_status":"closed","ping_status":"closed","sticky":false,"template":"","format":"standard","meta":{"tdm_status":"","tdm_grid_status":"","footnotes":""},"categories":[409,379,2025,372,343],"tags":[441],"class_list":{"0":"post-207365","1":"post","2":"type-post","3":"status-publish","4":"format-standard","5":"has-post-thumbnail","7":"category-chiquititas","8":"category-novelas","9":"category-resumo","10":"category-sbt","11":"category-televisao","12":"tag-resumo-do-dia"},"_links":{"self":[{"href":"https:\/\/migracao.redenoticia.com.br\/noticia\/wp-json\/wp\/v2\/posts\/207365","targetHints":{"allow":["GET"]}}],"collection":[{"href":"https:\/\/migracao.redenoticia.com.br\/noticia\/wp-json\/wp\/v2\/posts"}],"about":[{"href":"https:\/\/migracao.redenoticia.com.br\/noticia\/wp-json\/wp\/v2\/types\/post"}],"author":[{"embeddable":true,"href":"https:\/\/migracao.redenoticia.com.br\/noticia\/wp-json\/wp\/v2\/users\/2"}],"replies":[{"embeddable":true,"href":"https:\/\/migracao.redenoticia.com.br\/noticia\/wp-json\/wp\/v2\/comments?post=207365"}],"version-history":[{"count":0,"href":"https:\/\/migracao.redenoticia.com.br\/noticia\/wp-json\/wp\/v2\/posts\/207365\/revisions"}],"wp:featuredmedia":[{"embeddable":true,"href":"https:\/\/migracao.redenoticia.com.br\/noticia\/wp-json\/wp\/v2\/media\/195894"}],"wp:attachment":[{"href":"https:\/\/migracao.redenoticia.com.br\/noticia\/wp-json\/wp\/v2\/media?parent=207365"}],"wp:term":[{"taxonomy":"category","embeddable":true,"href":"https:\/\/migracao.redenoticia.com.br\/noticia\/wp-json\/wp\/v2\/categories?post=207365"},{"taxonomy":"post_tag","embeddable":true,"href":"https:\/\/migracao.redenoticia.com.br\/noticia\/wp-json\/wp\/v2\/tags?post=207365"}],"curies":[{"name":"wp","href":"https:\/\/api.w.org\/{rel}","templated":true}]}}