{"id":207509,"date":"2021-06-13T15:19:35","date_gmt":"2021-06-13T18:19:35","guid":{"rendered":"https:\/\/www.redenoticia.com.br\/noticia\/?p=207509"},"modified":"2021-06-13T15:19:35","modified_gmt":"2021-06-13T18:19:35","slug":"resumo-coracao-indomavel-14-06-otavio-pede-a-jose-antonio-que-cuide-de-maricruz","status":"publish","type":"post","link":"https:\/\/migracao.redenoticia.com.br\/noticia\/2021\/resumo-coracao-indomavel-14-06-otavio-pede-a-jose-antonio-que-cuide-de-maricruz\/207509","title":{"rendered":"Resumo &#8220;Cora\u00e7\u00e3o Indom\u00e1vel&#8221; 14\/06: Ot\u00e1vio pede a Jos\u00e9 Ant\u00f4nio que cuide de Maricruz"},"content":{"rendered":"<p><img loading=\"lazy\" decoding=\"async\" class=\"aligncenter size-full wp-image-206134\" src=\"https:\/\/migracao.redenoticia.com.br\/noticia\/imagens\/coracao-indomavel-resumo-novela-elenco.jpeg\" alt=\"\" width=\"1280\" height=\"720\" srcset=\"https:\/\/migracao.redenoticia.com.br\/noticia\/imagens\/coracao-indomavel-resumo-novela-elenco.jpeg 1280w, https:\/\/migracao.redenoticia.com.br\/noticia\/imagens\/coracao-indomavel-resumo-novela-elenco-250x140.jpeg 250w, https:\/\/migracao.redenoticia.com.br\/noticia\/imagens\/coracao-indomavel-resumo-novela-elenco-400x225.jpeg 400w, https:\/\/migracao.redenoticia.com.br\/noticia\/imagens\/coracao-indomavel-resumo-novela-elenco-768x432.jpeg 768w, https:\/\/migracao.redenoticia.com.br\/noticia\/imagens\/coracao-indomavel-resumo-novela-elenco-150x85.jpeg 150w\" sizes=\"auto, (max-width: 1280px) 100vw, 1280px\" \/><\/p>\n<p><strong><em>Resumo da novela &#8220;Cora\u00e7\u00e3o Indom\u00e1vel&#8221;<\/em><\/strong> em 14\/06: no cap\u00edtulo 016(*) da novela, Maricruz procura a espingarda que o av\u00f4 guarda na cabana. Depois vai at\u00e9 a fazenda e, sem ser vista atira contra Ot\u00e1vio, na tentativa de impedir que ele v\u00e1 embora para a capital. Ferido, Ot\u00e1vio pede ajuda a Maria e seja discreta. Depois de ser medicado, Ot\u00e1vio diz a Miguel que viajar\u00e1 para a capital imediatamente. Maricruz pede a Jos\u00e9 Antonio que v\u00e1 at\u00e9 a fazenda para averiguar como est\u00e1 Ot\u00e1vio. O pe\u00e3o conversa com Ot\u00e1vio e conta que Maricruz comentou que ele foi atingido por um disparo. Ot\u00e1vio nega que foi ferido \u00e0 bala.<\/p>\n<p>Maricruz confessa a Jos\u00e9 Antonio que atirou contra o pr\u00f3prio marido. L\u00facia percebe que o marido est\u00e1 nervoso e misterioso. Miguel tenta convencer Ot\u00e1vio a informar a pol\u00edcia que foi ferido com uma arma de fogo, mas ele n\u00e3o concorda. Na cabana, Maricruz sofre um desmaio. Ot\u00e1vio diz a Miguel que vai se divorciar de Maricruz. Maricruz recupera os sentidos e se queixa de n\u00e1useas. Ot\u00e1vio diz a Miguel que vai enviar uma quantia mensal para que ele construa uma casa para Maricruz e pede a ele que seja seu tutor.<\/p>\n<p>Alessandro n\u00e3o aceita se casar com Raiza e pede a ela que cuide melhor do cassino. Maricruz vai at\u00e9 a fazenda, confessa a Ot\u00e1vio que foi ela quem atirou e pede perd\u00e3o. Ot\u00e1vio pede a ela que n\u00e3o comente com ningu\u00e9m esse assunto. Ot\u00e1vio mente para Maricruz e afirma que n\u00e3o deixar\u00e1 a fazenda e promete que vai construir uma casa para ela e a fam\u00edlia. Maricruz fica feliz com a not\u00edcia de que ter\u00e1 uma casa e ele aproveita o momento para perguntar se ela concorda que ele v\u00e1 trabalhar na capital. Raiza contrata Aracely para trabalhar no cassino. Ot\u00e1vio pede a Jos\u00e9 Antonio que cuide de Maricruz.<\/p>\n<p>(*) edi\u00e7\u00e3o das novelas do SBT, &#8220;Cora\u00e7\u00e3o Indom\u00e1vel&#8221;, sujeito a altera\u00e7\u00e3o de data e conte\u00fado.<\/p>\n<p>Sinopse &#8220;Cora\u00e7\u00e3o Indom\u00e1vel&#8221;: A novela conta a hist\u00f3ria da pobre Maricruz que, ap\u00f3s ter sido abandonada pelo marido, decide se vingar daqueles que a humilharam. Ela descobre ser filha de um homem rico, tornando-se uma mulher da alta sociedade.<\/p>\n","protected":false},"excerpt":{"rendered":"<p>Resumo da novela &#8220;Cora\u00e7\u00e3o Indom\u00e1vel&#8221; em 14\/06: no cap\u00edtulo 016(*) da novela, Maricruz procura a espingarda que o av\u00f4 guarda na cabana. Depois vai at\u00e9 a fazenda e, sem ser vista atira contra Ot\u00e1vio, na tentativa de impedir que ele v\u00e1 embora para a capital. Ferido, Ot\u00e1vio pede ajuda a Maria e seja discreta. Depois [&hellip;]<\/p>\n","protected":false},"author":2,"featured_media":206133,"comment_status":"closed","ping_status":"closed","sticky":false,"template":"","format":"standard","meta":{"tdm_status":"","tdm_grid_status":"","footnotes":""},"categories":[2200,379,2025,372,343],"tags":[441],"class_list":{"0":"post-207509","1":"post","2":"type-post","3":"status-publish","4":"format-standard","5":"has-post-thumbnail","7":"category-coracao-indomavel","8":"category-novelas","9":"category-resumo","10":"category-sbt","11":"category-televisao","12":"tag-resumo-do-dia"},"_links":{"self":[{"href":"https:\/\/migracao.redenoticia.com.br\/noticia\/wp-json\/wp\/v2\/posts\/207509","targetHints":{"allow":["GET"]}}],"collection":[{"href":"https:\/\/migracao.redenoticia.com.br\/noticia\/wp-json\/wp\/v2\/posts"}],"about":[{"href":"https:\/\/migracao.redenoticia.com.br\/noticia\/wp-json\/wp\/v2\/types\/post"}],"author":[{"embeddable":true,"href":"https:\/\/migracao.redenoticia.com.br\/noticia\/wp-json\/wp\/v2\/users\/2"}],"replies":[{"embeddable":true,"href":"https:\/\/migracao.redenoticia.com.br\/noticia\/wp-json\/wp\/v2\/comments?post=207509"}],"version-history":[{"count":0,"href":"https:\/\/migracao.redenoticia.com.br\/noticia\/wp-json\/wp\/v2\/posts\/207509\/revisions"}],"wp:featuredmedia":[{"embeddable":true,"href":"https:\/\/migracao.redenoticia.com.br\/noticia\/wp-json\/wp\/v2\/media\/206133"}],"wp:attachment":[{"href":"https:\/\/migracao.redenoticia.com.br\/noticia\/wp-json\/wp\/v2\/media?parent=207509"}],"wp:term":[{"taxonomy":"category","embeddable":true,"href":"https:\/\/migracao.redenoticia.com.br\/noticia\/wp-json\/wp\/v2\/categories?post=207509"},{"taxonomy":"post_tag","embeddable":true,"href":"https:\/\/migracao.redenoticia.com.br\/noticia\/wp-json\/wp\/v2\/tags?post=207509"}],"curies":[{"name":"wp","href":"https:\/\/api.w.org\/{rel}","templated":true}]}}