{"id":207533,"date":"2021-06-14T18:15:20","date_gmt":"2021-06-14T21:15:20","guid":{"rendered":"https:\/\/www.redenoticia.com.br\/noticia\/?p=207533"},"modified":"2021-06-14T18:15:20","modified_gmt":"2021-06-14T21:15:20","slug":"resumo-amores-verdadeiros-15-06-adriana-resolve-se-mudar-para-mansao-balvanera","status":"publish","type":"post","link":"https:\/\/migracao.redenoticia.com.br\/noticia\/2021\/resumo-amores-verdadeiros-15-06-adriana-resolve-se-mudar-para-mansao-balvanera\/207533","title":{"rendered":"Resumo &#8220;Amores Verdadeiros&#8221; 15\/06: Adriana resolve se mudar para mans\u00e3o Balvanera"},"content":{"rendered":"<p> <img loading=\"lazy\" decoding=\"async\" src=\"https:\/\/migracao.redenoticia.com.br\/noticia\/imagens\/amores-verdadeiros-resumo-elenco.jpg\" alt=\"\" width=\"1280\" height=\"720\" class=\"aligncenter size-full wp-image-203224\" srcset=\"https:\/\/migracao.redenoticia.com.br\/noticia\/imagens\/amores-verdadeiros-resumo-elenco.jpg 1280w, https:\/\/migracao.redenoticia.com.br\/noticia\/imagens\/amores-verdadeiros-resumo-elenco-250x140.jpg 250w, https:\/\/migracao.redenoticia.com.br\/noticia\/imagens\/amores-verdadeiros-resumo-elenco-400x225.jpg 400w, https:\/\/migracao.redenoticia.com.br\/noticia\/imagens\/amores-verdadeiros-resumo-elenco-768x432.jpg 768w, https:\/\/migracao.redenoticia.com.br\/noticia\/imagens\/amores-verdadeiros-resumo-elenco-150x85.jpg 150w\" sizes=\"auto, (max-width: 1280px) 100vw, 1280px\" \/><br \/>\n<strong><em>Resumo da novela &#8220;Amores Verdadeiros&#8221;<\/em><\/strong> em 15\/06: no cap\u00edtulo 092(*) da novela, Lili d\u00e1 a Adriana algumas flores, que ela adora. Elas falam sobre Gusm\u00e3o ter perdido o anivers\u00e1rio de Lili. Ela diz que entende, mas Adriana percebe que est\u00e1 ferida. Gusm\u00e3o entra e Lili sorri. Aguiar implora e garante que n\u00e3o quer se separar. Cristina lamenta como as coisas mudaram desde que se mudaram para a cidade. Ela quer as coisas do jeito que costumava ser. Ela o quer com ela porque ele quer, n\u00e3o por obriga\u00e7\u00e3o. Ela pede div\u00f3rcio. Ele chora! Gusm\u00e3o se desculpa com Lili por ter perdido o anivers\u00e1rio dela, devido ao tiroteio de Vit\u00f3ria. Ela entende e vai embora. Adriana diz a ele que Lili \u00e9 apaixonada por ele. Ele apenas a v\u00ea como uma amiga. Adriana entende, mas ela se sente mal por Lili.<\/p>\n<p>Vit\u00f3ria explica para Nikki que Nelson est\u00e1 no quarto de h\u00f3spedes, por ser mais confort\u00e1vel para ela com sua recupera\u00e7\u00e3o. Vit\u00f3ria tenta alertar Nikki sobre a seriedade de um passo como o casamento. Roy admite ao treinador que n\u00e3o consegue esquecer de Lili. Ela \u00e9 totalmente diferente da garota com quem ele vai se casar. Aguiar vaga pelo est\u00fadio de Vit\u00f3ria e ela entra. Eles sentam-se para uma conversa franca. Aguiar quer toc\u00e1-la, abra\u00e7\u00e1-la, beij\u00e1-la. Eles discutem suas lutas e at\u00e9 admitem o grande amor, um pelo outro. Mas eles decidem que \u00e9 proibido. Eles n\u00e3o podem fazer nada. N\u00e3o vale a pena a dor e o sofrimento que isso causaria em suas fam\u00edlias. Aguiar n\u00e3o quer jogar fora 20 anos de casamento, depois de jurar perante Deus que seria fiel \u00e0 sua esposa. N\u00e3o, eles n\u00e3o t\u00eam escolha a n\u00e3o ser suprimir o que sentem. Qualquer outra coisa \u00e9 inaceit\u00e1vel. Ambos est\u00e3o igualmente angustiados.<\/p>\n<p>Nelson fala com Salviano sobre a atitude de Vit\u00f3ria. Kendra chega e entrega um ultrassom de bebe. Ele n\u00e3o se importa, claramente. Ela chora. Ele diz que ir\u00e1 fornecer a ela uma renda, para ajudar no sustento dela e da crian\u00e7a. Uma coisa leva a outra e eles acabam no sof\u00e1 do escrit\u00f3rio. Aguiar promete n\u00e3o deixar seu trabalho. Ambos concordam que seria muito triste n\u00e3o se verem. Ela n\u00e3o consegue imagin\u00e1-lo n\u00e3o estando ali para proteg\u00ea-la do perigo. Ele concorda.<\/p>\n<p>Cristina chora com Paula sobre o rompimento. Paula a aconselha a trabalhar para consertar o casamento, em vez de afast\u00e1-lo. Paula acha que isso \u00e9 muito arriscado. Cristina diz que est\u00e1 fazendo isso porque tem orgulho. Ela n\u00e3o quer implorar. Ela est\u00e1 confiante de que, quando Aguiar perceber que vai perd\u00ea-la, ele cair\u00e1 em si.<\/p>\n<p>Lili e Aguiar conversam enquanto ela trabalha com uma planta. Ele percebe que Poliana est\u00e1 olhando feio para ela. Ela explica que \u00e9 devido a ambas gostarem de Gusm\u00e3o. Aguiar tenta fazer um discurso e ela deixa escapar que ele \u00e9 casado. Aguiar explode. Ela tenta explicar a situa\u00e7\u00e3o do casamento. Aguiar esclarece: &#8220;\u00c9 pecado!&#8221; Ele a avisa que ela \u00e9 uma garota do campo e n\u00e3o \u00e9 como essas garotas da cidade. Ele n\u00e3o quer que nenhum desses garotos da cidade tire vantagem.<\/p>\n<p>Roy e Nikki conversam sobre os planos do casamento. Em 14 dias ele tem um torneio e est\u00e1 se gabando de como ela o ver\u00e1 derrotar todos os seus oponentes. No entanto, ele n\u00e3o reservou os voos ou hot\u00e9is. Ele usa a desculpa de que perdeu a carteira, n\u00e3o tem cart\u00e3o de cr\u00e9dito e n\u00e3o est\u00e1 no M\u00e9xico h\u00e1 tempo suficiente para conseguir uma conta corrente. Nikki cai nessa e passa um cheque em branco para ele. Roy sorri e menciona ir a um clube naquela noite. Ela \u00e9 totalmente a favor. Roy se lembra de ter conhecido Lili naquele clube.<\/p>\n<p>Beatriz est\u00e1 na sala de c\u00f3pias com Salviano pairando sobre ela. Ela est\u00e1 dizendo a ele que Leo n\u00e3o est\u00e1 em lugar nenhum, nem no trabalho ou em sua casa. Parece bom para Salviano. Kendra entra, Beatriz se afasta. Kendra agradece a ele por preparar seu hist\u00f3rico para Nelson. Gusm\u00e3o supervisiona a instala\u00e7\u00e3o de c\u00e2meras de seguran\u00e7a na mans\u00e3o Balvanera. Adriana e Vit\u00f3ria est\u00e3o no sof\u00e1 da casa. Adriana diz que est\u00e1 otimista em encontrar sua filha. Vit\u00f3ria confessa que est\u00e1 apaixonada por outro homem, mas se recusa a revelar sua identidade.<\/p>\n<p>Vit\u00f3ria explica a Adriana que seu contato com a morte a ajudou a admitir esse amor para si mesma, mas que \u00e9 um amor sem esperan\u00e7a. Em seguida, as irm\u00e3s falam sobre Adriana se mudar para a casa para procurar pistas sobre a localiza\u00e7\u00e3o de sua filha. Adriana concorda.<\/p>\n<p>Gusm\u00e3o as interrompe para dar a Vit\u00f3ria alguns pap\u00e9is. Ela pede que a professora de piano volte para dar suas aulas novamente. Gusm\u00e3o rigidamente responde que ela n\u00e3o pode voltar. An\u00edbal acrescenta que Paula conseguiu um emprego de tempo integral. &#8220;Que l\u00e1stima!&#8221; diz Vit\u00f3ria. \u00c9 ent\u00e3o revelado que Adriana vai se mudar. Gusm\u00e3o parece genuinamente satisfeito. Eles trocam sorrisos. An\u00edbal tamb\u00e9m fica satisfeito e a envolve em um estranho abra\u00e7o de boas-vindas. Adriana parece insegura, mas concorda, enquanto Vit\u00f3ria sorri com aprova\u00e7\u00e3o. Aguiar diz a Lili que ele e Cristina decidiram se separar por um tempo. Lili desanima com essa not\u00edcia. Desmorona completamente. Vit\u00f3ria entra e, alarmada, pergunta o que est\u00e1 acontecendo. Lili diz a ela que seus pais est\u00e3o se separando.<\/p>\n<p>(*) edi\u00e7\u00e3o das novelas do SBT, &#8220;Amores Verdadeiros&#8221;, sujeito a altera\u00e7\u00e3o de data e conte\u00fado.<\/p>\n<p>Sinopse &#8220;Amores Verdadeiros&#8221;: Vit\u00f3ria Balvanera \u00e9 diretora de cria\u00e7\u00e3o da Meta Imagem Internacional, a mais importante ag\u00eancia de publicidade do pa\u00eds. O seu sucesso a tornou alvo de criminosos e \u00e9 durante um destes ataques que conhece Jos\u00e9 \u00c1ngelo, um simples campon\u00eas. Quando Jos\u00e9 \u00c2ngelo vai \u00e0 fazenda para pedir um emprego como capataz, um grupo de criminosos invade a propriedade para sequestrar Vit\u00f3ria. Gra\u00e7as ao seu treinamento de Aikido, ele evita o sequestro e salva Vit\u00f3ria, assim um encontro \u00fanico e emocionante surge entre eles. <\/p>\n","protected":false},"excerpt":{"rendered":"<p>Resumo da novela &#8220;Amores Verdadeiros&#8221; em 15\/06: no cap\u00edtulo 092(*) da novela, Lili d\u00e1 a Adriana algumas flores, que ela adora. Elas falam sobre Gusm\u00e3o ter perdido o anivers\u00e1rio de Lili. Ela diz que entende, mas Adriana percebe que est\u00e1 ferida. Gusm\u00e3o entra e Lili sorri. Aguiar implora e garante que n\u00e3o quer se separar. [&hellip;]<\/p>\n","protected":false},"author":2,"featured_media":203226,"comment_status":"closed","ping_status":"closed","sticky":false,"template":"","format":"standard","meta":{"tdm_status":"","tdm_grid_status":"","footnotes":""},"categories":[2189,379,2025,372,343],"tags":[441],"class_list":{"0":"post-207533","1":"post","2":"type-post","3":"status-publish","4":"format-standard","5":"has-post-thumbnail","7":"category-amores-verdadeiros","8":"category-novelas","9":"category-resumo","10":"category-sbt","11":"category-televisao","12":"tag-resumo-do-dia"},"_links":{"self":[{"href":"https:\/\/migracao.redenoticia.com.br\/noticia\/wp-json\/wp\/v2\/posts\/207533","targetHints":{"allow":["GET"]}}],"collection":[{"href":"https:\/\/migracao.redenoticia.com.br\/noticia\/wp-json\/wp\/v2\/posts"}],"about":[{"href":"https:\/\/migracao.redenoticia.com.br\/noticia\/wp-json\/wp\/v2\/types\/post"}],"author":[{"embeddable":true,"href":"https:\/\/migracao.redenoticia.com.br\/noticia\/wp-json\/wp\/v2\/users\/2"}],"replies":[{"embeddable":true,"href":"https:\/\/migracao.redenoticia.com.br\/noticia\/wp-json\/wp\/v2\/comments?post=207533"}],"version-history":[{"count":0,"href":"https:\/\/migracao.redenoticia.com.br\/noticia\/wp-json\/wp\/v2\/posts\/207533\/revisions"}],"wp:featuredmedia":[{"embeddable":true,"href":"https:\/\/migracao.redenoticia.com.br\/noticia\/wp-json\/wp\/v2\/media\/203226"}],"wp:attachment":[{"href":"https:\/\/migracao.redenoticia.com.br\/noticia\/wp-json\/wp\/v2\/media?parent=207533"}],"wp:term":[{"taxonomy":"category","embeddable":true,"href":"https:\/\/migracao.redenoticia.com.br\/noticia\/wp-json\/wp\/v2\/categories?post=207533"},{"taxonomy":"post_tag","embeddable":true,"href":"https:\/\/migracao.redenoticia.com.br\/noticia\/wp-json\/wp\/v2\/tags?post=207533"}],"curies":[{"name":"wp","href":"https:\/\/api.w.org\/{rel}","templated":true}]}}