{"id":207559,"date":"2021-06-15T15:50:58","date_gmt":"2021-06-15T18:50:58","guid":{"rendered":"https:\/\/www.redenoticia.com.br\/noticia\/?p=207559"},"modified":"2021-06-15T15:50:58","modified_gmt":"2021-06-15T18:50:58","slug":"resumo-chiquititas-16-06-carol-descobre-que-o-pai-de-vivi-voltou","status":"publish","type":"post","link":"https:\/\/migracao.redenoticia.com.br\/noticia\/2021\/resumo-chiquititas-16-06-carol-descobre-que-o-pai-de-vivi-voltou\/207559","title":{"rendered":"Resumo \u201cChiquititas\u201d 16\/06: Carol descobre que o pai de Vivi voltou"},"content":{"rendered":"<p><img loading=\"lazy\" decoding=\"async\" class=\"aligncenter size-full wp-image-195897\" src=\"https:\/\/migracao.redenoticia.com.br\/noticia\/imagens\/chiquititas-resumo-sinopse.jpg\" alt=\"\" width=\"1280\" height=\"720\" srcset=\"https:\/\/migracao.redenoticia.com.br\/noticia\/imagens\/chiquititas-resumo-sinopse.jpg 1280w, https:\/\/migracao.redenoticia.com.br\/noticia\/imagens\/chiquititas-resumo-sinopse-250x140.jpg 250w, https:\/\/migracao.redenoticia.com.br\/noticia\/imagens\/chiquititas-resumo-sinopse-400x225.jpg 400w, https:\/\/migracao.redenoticia.com.br\/noticia\/imagens\/chiquititas-resumo-sinopse-768x432.jpg 768w, https:\/\/migracao.redenoticia.com.br\/noticia\/imagens\/chiquititas-resumo-sinopse-150x85.jpg 150w, https:\/\/migracao.redenoticia.com.br\/noticia\/imagens\/chiquititas-resumo-sinopse-696x392.jpg 696w, https:\/\/migracao.redenoticia.com.br\/noticia\/imagens\/chiquititas-resumo-sinopse-1068x601.jpg 1068w\" sizes=\"auto, (max-width: 1280px) 100vw, 1280px\" \/><\/p>\n<p><strong><em>Resumo da novela \u201cChiquititas\u201d<\/em><\/strong> em 16\/06: no cap\u00edtulo 264(*) da novela, Pa\u00e7oca procura por Farofa (que na realidade \u00e9 Pipoca), mas n\u00e3o a encontra. C\u00edcero diz para Vivi que quer falar com Tati para contar que encontrou a Pipoca na rua. Vivi pergunta se a cachorra est\u00e1 bem e C\u00edcero explica que ela foi atropelada, mas est\u00e1 bem, s\u00f3 machucou a pata. Pa\u00e7oca (Rafael Miguel) v\u00ea Pipoca e diz para C\u00edcero que a cachorra \u00e9 dele. C\u00edcero explica que a cachorra \u00e9 do orfanato. Na pris\u00e3o, uma nova detenta quer saber quem \u00e9 a chefe da sela. Todas apontam para Ernestina, que finge ser Matilde. A nova detenta tenta brigar com Ernestina para disputar a vaga de l\u00edder. A verdadeira Matilde toma as dores de Ernestina e enfrenta a novata, que desiste da briga. C\u00edcero entrega Pipoca para Vivi e pergunta se ela vai contar para a Tati a verdade.<\/p>\n<p>Vivi conta que est\u00e1 confusa e que Tati sente falta dele. C\u00edcero pede uma nova chance para a filha e explica que mudou. Vivi se emociona. Miguel est\u00e1 acomodado em uma casa pr\u00f3xima da fazenda, quando os capatazes de Carmen chegam \u00e0 procura dele. Joaquim \u2013 que socorreu Gabriela quando ela perdeu a mem\u00f3ria -, esconde Miguel e despista os homens, que acham que Miguel morreu na explos\u00e3o da casa de ferramentas. Vivi chega com Pipoca ao Orfanato. Todos ficam felizes. Elisa, esposa de Joaquim, conta que ouviu os capangas comentarem que Miguel deve ter morrido. Miguel fica aliviado, pois assim eles param de procur\u00e1-lo. Vivi, que est\u00e1 chorando, desabafa com Carol que o pai reapareceu. Carol diz que Vivi deve dar uma chance a ele. L\u00facia desenha e lembra de Neco.<\/p>\n<p>Helena pede para ver o desenho e percebe que se trata de Neco. L\u00facia mostra uma revista da qual copiou o desenho. Helena ri e diz que est\u00e1 come\u00e7ando a imaginar o que n\u00e3o existe. Maria Cec\u00edlia pergunta a Tobias como foi o teste (que n\u00e3o existe de verdade). Tobias diz que n\u00e3o passou. Eduarda tira os len\u00e7\u00f3is de todos os espelhos da casa. Tobias volta a ter alucina\u00e7\u00f5es com Tom\u00e1s Ferraz (personagem que criou no passado e resultou em sua dupla personalidade). Carol se arruma para ir ao teatro com Junior. Na mans\u00e3o dos Almeida Campos, Junior conversa com Andreia, enquanto Diego adormece em seu colo. Junior pede para Andreia assumir seu lugar, pois ele precisa terminar de se arrumar para sair com a Carol. Andreia diz que \u00e9 melhor ele esperar um pouco mais, pois Diego acabou de adormecer.<\/p>\n<p>No orfanato, Marian escuta Bia falando mal dela para Pata e Cris. Marian sobe para o quarto e decide se vingar de Bia. Ela passa o perfume de Bia e aproveita que Mili, que est\u00e1 cega, entrou no quarto para atorment\u00e1-la se fazendo passar por Bia. Junior adormece ao lado de Diego. Carol liga, mas Andreia desliga o celular de Junior e o telefone da casa. Carol fica aflita por Junior n\u00e3o atender as liga\u00e7\u00f5es e nem chegar no hor\u00e1rio combinado. No dia seguinte, Junior vai cedo \u00e0 casa da Carol para pedir desculpa. Tamires, irm\u00e3 de Tobias, \u00e9 assaltada minutos antes de ir para a audi\u00eancia envolvendo Tom\u00e1s Ferraz.<\/p>\n<p>(*) edi\u00e7\u00e3o das novelas do SBT, \u201cChiquititas\u201d, sujeito a altera\u00e7\u00e3o de data e conte\u00fado.<\/p>\n","protected":false},"excerpt":{"rendered":"<p>Resumo da novela \u201cChiquititas\u201d em 16\/06: no cap\u00edtulo 264(*) da novela, Pa\u00e7oca procura por Farofa (que na realidade \u00e9 Pipoca), mas n\u00e3o a encontra. C\u00edcero diz para Vivi que quer falar com Tati para contar que encontrou a Pipoca na rua. Vivi pergunta se a cachorra est\u00e1 bem e C\u00edcero explica que ela foi atropelada, [&hellip;]<\/p>\n","protected":false},"author":4,"featured_media":195894,"comment_status":"closed","ping_status":"closed","sticky":false,"template":"","format":"standard","meta":{"tdm_status":"","tdm_grid_status":"","footnotes":""},"categories":[409,379,2025,372,343],"tags":[441],"class_list":{"0":"post-207559","1":"post","2":"type-post","3":"status-publish","4":"format-standard","5":"has-post-thumbnail","7":"category-chiquititas","8":"category-novelas","9":"category-resumo","10":"category-sbt","11":"category-televisao","12":"tag-resumo-do-dia"},"_links":{"self":[{"href":"https:\/\/migracao.redenoticia.com.br\/noticia\/wp-json\/wp\/v2\/posts\/207559","targetHints":{"allow":["GET"]}}],"collection":[{"href":"https:\/\/migracao.redenoticia.com.br\/noticia\/wp-json\/wp\/v2\/posts"}],"about":[{"href":"https:\/\/migracao.redenoticia.com.br\/noticia\/wp-json\/wp\/v2\/types\/post"}],"author":[{"embeddable":true,"href":"https:\/\/migracao.redenoticia.com.br\/noticia\/wp-json\/wp\/v2\/users\/4"}],"replies":[{"embeddable":true,"href":"https:\/\/migracao.redenoticia.com.br\/noticia\/wp-json\/wp\/v2\/comments?post=207559"}],"version-history":[{"count":0,"href":"https:\/\/migracao.redenoticia.com.br\/noticia\/wp-json\/wp\/v2\/posts\/207559\/revisions"}],"wp:featuredmedia":[{"embeddable":true,"href":"https:\/\/migracao.redenoticia.com.br\/noticia\/wp-json\/wp\/v2\/media\/195894"}],"wp:attachment":[{"href":"https:\/\/migracao.redenoticia.com.br\/noticia\/wp-json\/wp\/v2\/media?parent=207559"}],"wp:term":[{"taxonomy":"category","embeddable":true,"href":"https:\/\/migracao.redenoticia.com.br\/noticia\/wp-json\/wp\/v2\/categories?post=207559"},{"taxonomy":"post_tag","embeddable":true,"href":"https:\/\/migracao.redenoticia.com.br\/noticia\/wp-json\/wp\/v2\/tags?post=207559"}],"curies":[{"name":"wp","href":"https:\/\/api.w.org\/{rel}","templated":true}]}}