{"id":207561,"date":"2021-06-15T15:53:28","date_gmt":"2021-06-15T18:53:28","guid":{"rendered":"https:\/\/www.redenoticia.com.br\/noticia\/?p=207561"},"modified":"2021-06-15T15:53:28","modified_gmt":"2021-06-15T18:53:28","slug":"resumo-tititi-16-06-camila-descobre-que-ariclenes-e-victor-valentim","status":"publish","type":"post","link":"https:\/\/migracao.redenoticia.com.br\/noticia\/2021\/resumo-tititi-16-06-camila-descobre-que-ariclenes-e-victor-valentim\/207561","title":{"rendered":"Resumo \u201cTiTiTi\u201d 16\/06: Camila descobre que Ariclenes \u00e9 Victor Valentim"},"content":{"rendered":"<p><img loading=\"lazy\" decoding=\"async\" src=\"https:\/\/migracao.redenoticia.com.br\/noticia\/imagens\/tititi-elenco-personagens.jpeg\" alt=\"\" width=\"1280\" height=\"720\" class=\"aligncenter size-full wp-image-204657\" srcset=\"https:\/\/migracao.redenoticia.com.br\/noticia\/imagens\/tititi-elenco-personagens.jpeg 1280w, https:\/\/migracao.redenoticia.com.br\/noticia\/imagens\/tititi-elenco-personagens-250x140.jpeg 250w, https:\/\/migracao.redenoticia.com.br\/noticia\/imagens\/tititi-elenco-personagens-400x225.jpeg 400w, https:\/\/migracao.redenoticia.com.br\/noticia\/imagens\/tititi-elenco-personagens-768x432.jpeg 768w, https:\/\/migracao.redenoticia.com.br\/noticia\/imagens\/tititi-elenco-personagens-150x85.jpeg 150w\" sizes=\"auto, (max-width: 1280px) 100vw, 1280px\" \/><\/p>\n<p><em><strong>Resumo da novela \u201cTiTiTi\u201d<\/strong><\/em> em 16\/06: no cap\u00edtulo 058(*) da novela, Gustavo percebe que Edgar est\u00e1 se apegando a Paulinho. Ariclenes beija Suzana e a jornalista afirma que o ex n\u00e3o se equipara a Victor Valentim. Breno descobre no caf\u00e9 da manh\u00e3 que Tha\u00edsa levou Jaqueline e duas dragqueens para dormirem em sua casa. Em um acesso de loucura, Cec\u00edlia destr\u00f3i os vestidos de boneca. Jaqueline ouve Breno falando ao telefone com Rebeca e desconfia. Gra\u00e7a avisa que Lu\u00edsa viajou sem dizer para onde iria e Edgar conclui que ela est\u00e1 com o marido.<\/p>\n<p>Gustavo diz a Marcela que teme que o pai de Paulinho apare\u00e7a. Cec\u00edlia continua falando de Victor Valentim e doutor Queiroz suspeita de que ela se refira ao estilista. Ariclenes procura Luti na faculdade e \u00e9 reconhecido por Camila. Felipe resolve pagar para Pedro ensin\u00e1-lo como conquistar Tha\u00edsa, mas Mabi, com medo de Lipe se tornar um prot\u00f3tipo de Pedro, promete ajud\u00e1-lo.<\/p>\n<p>Camila conta para Luti que j\u00e1 sabe que Ariclenes \u00e9 Victor Valentim. Ariclenes mostra a Luti os vestidinhos rasgados e Camila se oferece para costur\u00e1-los. Ros\u00e1rio nota que Jacques e Clotilde passaram a noite juntos e comenta com Gabriela. Pedro se desculpa com Gabriela, mas ela n\u00e3o aceita. Madu v\u00ea Camila, Luti e Ariclenes juntos e se morde de raiva.<\/p>\n<p>Edgar faz as pazes com Jorgito. Jorgito comenta que Breno e Rebeca est\u00e3o namorando e Tha\u00edsa se espanta. Julinho pensa em Osmar e Marcela o conforta. Valqu\u00edria flagra Luti e Camila conversando. Jaqueline descobre que Clotilde e Jacques roubaram o celular de Ariclenes. Lu\u00edsa surge na mans\u00e3o dos Sampaio.<\/p>\n<p>(*) edi\u00e7\u00e3o das novelas da Globo, \u201cTiTiTi\u201d, sujeito a altera\u00e7\u00e3o de data e conte\u00fado.<\/p>\n<p>Sinopse &#8220;TiTiTi&#8221;: Alexandre Borges e Murilo Ben\u00edcio interpretam os rivais da hist\u00f3ria, respectivamente Jacques Leclair e Victor Valentim, que passam a novela inteira se digladiando para ver quem sobressai no mundo na moda como estilista bem-sucedido, com o nome transformado em grife e as cole\u00e7\u00f5es desfiladas nas grandes semanas de moda e fotografadas para as revistas de celebridades.<\/p>\n","protected":false},"excerpt":{"rendered":"<p>Resumo da novela \u201cTiTiTi\u201d em 16\/06: no cap\u00edtulo 058(*) da novela, Gustavo percebe que Edgar est\u00e1 se apegando a Paulinho. Ariclenes beija Suzana e a jornalista afirma que o ex n\u00e3o se equipara a Victor Valentim. Breno descobre no caf\u00e9 da manh\u00e3 que Tha\u00edsa levou Jaqueline e duas dragqueens para dormirem em sua casa. Em [&hellip;]<\/p>\n","protected":false},"author":4,"featured_media":204655,"comment_status":"closed","ping_status":"closed","sticky":false,"template":"","format":"standard","meta":{"tdm_status":"","tdm_grid_status":"","footnotes":""},"categories":[379,375,2025,343,2193],"tags":[441],"class_list":{"0":"post-207561","1":"post","2":"type-post","3":"status-publish","4":"format-standard","5":"has-post-thumbnail","7":"category-novelas","8":"category-rede-globo","9":"category-resumo","10":"category-televisao","11":"category-tititi","12":"tag-resumo-do-dia"},"_links":{"self":[{"href":"https:\/\/migracao.redenoticia.com.br\/noticia\/wp-json\/wp\/v2\/posts\/207561","targetHints":{"allow":["GET"]}}],"collection":[{"href":"https:\/\/migracao.redenoticia.com.br\/noticia\/wp-json\/wp\/v2\/posts"}],"about":[{"href":"https:\/\/migracao.redenoticia.com.br\/noticia\/wp-json\/wp\/v2\/types\/post"}],"author":[{"embeddable":true,"href":"https:\/\/migracao.redenoticia.com.br\/noticia\/wp-json\/wp\/v2\/users\/4"}],"replies":[{"embeddable":true,"href":"https:\/\/migracao.redenoticia.com.br\/noticia\/wp-json\/wp\/v2\/comments?post=207561"}],"version-history":[{"count":0,"href":"https:\/\/migracao.redenoticia.com.br\/noticia\/wp-json\/wp\/v2\/posts\/207561\/revisions"}],"wp:featuredmedia":[{"embeddable":true,"href":"https:\/\/migracao.redenoticia.com.br\/noticia\/wp-json\/wp\/v2\/media\/204655"}],"wp:attachment":[{"href":"https:\/\/migracao.redenoticia.com.br\/noticia\/wp-json\/wp\/v2\/media?parent=207561"}],"wp:term":[{"taxonomy":"category","embeddable":true,"href":"https:\/\/migracao.redenoticia.com.br\/noticia\/wp-json\/wp\/v2\/categories?post=207561"},{"taxonomy":"post_tag","embeddable":true,"href":"https:\/\/migracao.redenoticia.com.br\/noticia\/wp-json\/wp\/v2\/tags?post=207561"}],"curies":[{"name":"wp","href":"https:\/\/api.w.org\/{rel}","templated":true}]}}