{"id":207569,"date":"2021-06-15T16:11:21","date_gmt":"2021-06-15T19:11:21","guid":{"rendered":"https:\/\/www.redenoticia.com.br\/noticia\/?p=207569"},"modified":"2021-06-15T16:11:21","modified_gmt":"2021-06-15T19:11:21","slug":"resumo-imperio-16-06-jose-alfredo-ve-maria-marta-com-maurilio","status":"publish","type":"post","link":"https:\/\/migracao.redenoticia.com.br\/noticia\/2021\/resumo-imperio-16-06-jose-alfredo-ve-maria-marta-com-maurilio\/207569","title":{"rendered":"Resumo \u201cImp\u00e9rio\u201d 16\/06: Jos\u00e9 Alfredo v\u00ea Maria Marta com Maur\u00edlio"},"content":{"rendered":"<p><img loading=\"lazy\" decoding=\"async\" class=\"aligncenter size-full wp-image-205063\" src=\"https:\/\/migracao.redenoticia.com.br\/noticia\/imagens\/novela-imperio-resumo-elenco.jpeg\" alt=\"\" width=\"1280\" height=\"720\" srcset=\"https:\/\/migracao.redenoticia.com.br\/noticia\/imagens\/novela-imperio-resumo-elenco.jpeg 1280w, https:\/\/migracao.redenoticia.com.br\/noticia\/imagens\/novela-imperio-resumo-elenco-250x140.jpeg 250w, https:\/\/migracao.redenoticia.com.br\/noticia\/imagens\/novela-imperio-resumo-elenco-400x225.jpeg 400w, https:\/\/migracao.redenoticia.com.br\/noticia\/imagens\/novela-imperio-resumo-elenco-768x432.jpeg 768w, https:\/\/migracao.redenoticia.com.br\/noticia\/imagens\/novela-imperio-resumo-elenco-150x85.jpeg 150w\" sizes=\"auto, (max-width: 1280px) 100vw, 1280px\" \/><\/p>\n<p><em><strong>Resumo novela \u201cImp\u00e9rio\u201d<\/strong><\/em> em 16\/06: no cap\u00edtulo 057(*) da novela, Enrico \u00e9 avisado sobre o acidente com sua m\u00e3e e Ant\u00f4nio conta para Cl\u00e1udio, que se desespera. Jos\u00e9 Alfredo se surpreende com a solidariedade de Jos\u00e9 Pedro. \u00c9rika acusa T\u00e9o pelo acidente de Beatriz. Cristina afirma que Cora nutre sentimentos por Jos\u00e9 Alfredo. Enrico culpa o pai pelo acidente de Beatriz. Maria Marta tem uma conversa franca com Cl\u00e1udio. Reginaldo decide levar Karina de volta para Vila Velha.<\/p>\n<p>Jairo e Otoniel chegam ao Rio de Janeiro e Jurema pede para Tuane deix\u00e1-los ficar em sua casa. O m\u00e9dico informa o estado de sa\u00fade de Beatriz e Cl\u00e1udio pede para ver a esposa. Orville procura Juliane. Wilson tenta convencer Salvador a conseguir mais ferramentas para a fuga. Robert\u00e3o se encontra com \u00c9rika. Orville descobre por Juliane que Jos\u00e9 Alfredo frequenta o bar de Manoel. Leonardo marca um encontro com Amanda. Jos\u00e9 Alfredo v\u00ea Maria Marta com Maur\u00edlio.<\/p>\n<p>(*) edi\u00e7\u00e3o das novelas da Globo, \u201cImp\u00e9rio\u201d, sujeito a altera\u00e7\u00e3o de data e conte\u00fado.<\/p>\n<p>Sinopse Novela &#8220;Imp\u00e9rio&#8221;: hist\u00f3ria do pernambucano Jos\u00e9 Alfredo de Medeiros (Chay Suede\/Alexandre Nero), o homem de preto. Dono de uma rede de joalherias, o Comendador tem tr\u00eas filhos com a aristocrata falida Maria Marta Mendon\u00e7a e Albuquerque (Adriana Birolli\/Lilia Cabral): Jos\u00e9 Pedro (Caio Blat), Maria Clara (Andreia Horta) e Jo\u00e3o Lucas (Daniel Rocha). Os tr\u00eas disputam a heran\u00e7a da empresa constru\u00edda pelo pai.<\/p>\n","protected":false},"excerpt":{"rendered":"<p>Resumo novela \u201cImp\u00e9rio\u201d em 16\/06: no cap\u00edtulo 057(*) da novela, Enrico \u00e9 avisado sobre o acidente com sua m\u00e3e e Ant\u00f4nio conta para Cl\u00e1udio, que se desespera. Jos\u00e9 Alfredo se surpreende com a solidariedade de Jos\u00e9 Pedro. \u00c9rika acusa T\u00e9o pelo acidente de Beatriz. Cristina afirma que Cora nutre sentimentos por Jos\u00e9 Alfredo. Enrico culpa [&hellip;]<\/p>\n","protected":false},"author":4,"featured_media":205061,"comment_status":"closed","ping_status":"closed","sticky":false,"template":"","format":"standard","meta":{"tdm_status":"","tdm_grid_status":"","footnotes":""},"categories":[2196,379,375,2025,343],"tags":[441],"class_list":{"0":"post-207569","1":"post","2":"type-post","3":"status-publish","4":"format-standard","5":"has-post-thumbnail","7":"category-imperio","8":"category-novelas","9":"category-rede-globo","10":"category-resumo","11":"category-televisao","12":"tag-resumo-do-dia"},"_links":{"self":[{"href":"https:\/\/migracao.redenoticia.com.br\/noticia\/wp-json\/wp\/v2\/posts\/207569","targetHints":{"allow":["GET"]}}],"collection":[{"href":"https:\/\/migracao.redenoticia.com.br\/noticia\/wp-json\/wp\/v2\/posts"}],"about":[{"href":"https:\/\/migracao.redenoticia.com.br\/noticia\/wp-json\/wp\/v2\/types\/post"}],"author":[{"embeddable":true,"href":"https:\/\/migracao.redenoticia.com.br\/noticia\/wp-json\/wp\/v2\/users\/4"}],"replies":[{"embeddable":true,"href":"https:\/\/migracao.redenoticia.com.br\/noticia\/wp-json\/wp\/v2\/comments?post=207569"}],"version-history":[{"count":0,"href":"https:\/\/migracao.redenoticia.com.br\/noticia\/wp-json\/wp\/v2\/posts\/207569\/revisions"}],"wp:featuredmedia":[{"embeddable":true,"href":"https:\/\/migracao.redenoticia.com.br\/noticia\/wp-json\/wp\/v2\/media\/205061"}],"wp:attachment":[{"href":"https:\/\/migracao.redenoticia.com.br\/noticia\/wp-json\/wp\/v2\/media?parent=207569"}],"wp:term":[{"taxonomy":"category","embeddable":true,"href":"https:\/\/migracao.redenoticia.com.br\/noticia\/wp-json\/wp\/v2\/categories?post=207569"},{"taxonomy":"post_tag","embeddable":true,"href":"https:\/\/migracao.redenoticia.com.br\/noticia\/wp-json\/wp\/v2\/tags?post=207569"}],"curies":[{"name":"wp","href":"https:\/\/api.w.org\/{rel}","templated":true}]}}