{"id":207595,"date":"2021-06-16T12:13:59","date_gmt":"2021-06-16T15:13:59","guid":{"rendered":"https:\/\/www.redenoticia.com.br\/noticia\/?p=207595"},"modified":"2021-06-16T12:13:59","modified_gmt":"2021-06-16T15:13:59","slug":"resumo-chiquititas-17-06-graziele-vai-ate-o-orfanato-conversar-com-carolina","status":"publish","type":"post","link":"https:\/\/migracao.redenoticia.com.br\/noticia\/2021\/resumo-chiquititas-17-06-graziele-vai-ate-o-orfanato-conversar-com-carolina\/207595","title":{"rendered":"Resumo \u201cChiquititas\u201d 17\/06: Graziele vai at\u00e9 o Orfanato conversar com Carolina"},"content":{"rendered":"<p><img loading=\"lazy\" decoding=\"async\" class=\"aligncenter size-full wp-image-195897\" src=\"https:\/\/migracao.redenoticia.com.br\/noticia\/imagens\/chiquititas-resumo-sinopse.jpg\" alt=\"\" width=\"1280\" height=\"720\" srcset=\"https:\/\/migracao.redenoticia.com.br\/noticia\/imagens\/chiquititas-resumo-sinopse.jpg 1280w, https:\/\/migracao.redenoticia.com.br\/noticia\/imagens\/chiquititas-resumo-sinopse-250x140.jpg 250w, https:\/\/migracao.redenoticia.com.br\/noticia\/imagens\/chiquititas-resumo-sinopse-400x225.jpg 400w, https:\/\/migracao.redenoticia.com.br\/noticia\/imagens\/chiquititas-resumo-sinopse-768x432.jpg 768w, https:\/\/migracao.redenoticia.com.br\/noticia\/imagens\/chiquititas-resumo-sinopse-150x85.jpg 150w, https:\/\/migracao.redenoticia.com.br\/noticia\/imagens\/chiquititas-resumo-sinopse-696x392.jpg 696w, https:\/\/migracao.redenoticia.com.br\/noticia\/imagens\/chiquititas-resumo-sinopse-1068x601.jpg 1068w\" sizes=\"auto, (max-width: 1280px) 100vw, 1280px\" \/><\/p>\n<p><strong><em>Resumo da novela \u201cChiquititas\u201d<\/em><\/strong> em 17\/06: no cap\u00edtulo 265(*) da novela, Carmen se recorda de quando Jos\u00e9 Ricardo entregou os documentos do banco para Valentina. Carmen sorri aliviada, pois acredita que com essa conta poder\u00e1 largar o tesouro, do testamento falso e se livrar de todo mundo de uma vez. Durante a noite, Helena dorme no sof\u00e1 e Neco, com a ajuda de L\u00facia, consegue se soltar e fugir. Helena acorda e v\u00ea L\u00facia andando pela sala e manda a menina voltar para o quarto. Helena se arrepende, beija L\u00facia, pede desculpa e diz que se preocupa tanto com a menina, pois s\u00f3 tem ela. Andreia e Diego v\u00e3o visitar Junior. Junior explica que est\u00e1 de sa\u00edda para encontrar Carol. Andreia vai embora brava. Vivi manda uma mensagem para C\u00edcero marcando um encontro no dia seguinte, na pra\u00e7a. Eduarda discute com Tobias por ele ter mentido para Maria Cec\u00edlia.<\/p>\n<p>Graziele vai at\u00e9 o Orfanato conversar com Carolina. Ela diz que \u00e9 tia da Pata e do Mosca e quer a guarda deles. Junior recebe uma mensagem de Andreia dizendo que est\u00e1 voltando para Londres com Diego e pedindo para que ele n\u00e3o a procure mais. Tobias fica nervoso e incorpora Tom\u00e1s Ferraz na frente de Maria Cec\u00edlia e Eduarda. Junior liga para Andreia e pede para ela ir at\u00e9 o escrit\u00f3rio para conversarem. Graziele explica para Carol que n\u00e3o \u00e9 tia de sangue de Mosca e Pata, que foi casada com o tio deles e que agora quer ficar com os dois, porque j\u00e1 tem condi\u00e7\u00f5es financeiras.<\/p>\n<p>Carol fala que vai conversar com eles e com o juizado e dar\u00e1 um retorno. Carmen, se fazendo passar por Valentina, vai at\u00e9 o banco para sacar todo o dinheiro da conta de Mili. Mosca e Pata veem Graziele e n\u00e3o s\u00e3o receptivos com ela. Dani, que tamb\u00e9m est\u00e1 na sala, diz que Graziele cuidava dela quando morava com o pai e tamb\u00e9m n\u00e3o gosta dela. Tom\u00e1s Ferraz insulta Eduarda. Maria Cec\u00edlia pede para Tobias parar. Ele diz que n\u00e3o \u00e9 Tobias e sim Tom\u00e1s Ferraz. Vivi encontra C\u00edcero. Eles est\u00e3o conversando quando Tati chega e o chama de pai. Ela diz que ele mentiu para ela. Ele pede perd\u00e3o e diz que estava esperando o melhor momento para contar tudo. No banco, o gerente explica que o dinheiro n\u00e3o pode ser retirado sem a presen\u00e7a de Mili. Carmen vai embora brava.<\/p>\n<p>Miguel diz a Joaquim e Elisa que precisa voltar para S\u00e3o Paulo. Joaquim promete ajud\u00e1-lo. Gabi pede para Carmen que Mili possa morar com elas temporariamente. Carmen \u00e9 contra e diz que a menina tem que ir para uma institui\u00e7\u00e3o de cegos. Gabi fala que vai pensar em outra alternativa, talvez alugar um apartamento. Carmen volta atr\u00e1s e permite que Gabriela leve Mili para morar com ela. Mili tenta regar a flor que ganhou de Miguel e a derruba no ch\u00e3o. Marian chega e a ajuda. Mili explica que ganhou a flor de uma pessoa misteriosa e que a flor nunca morre. Carmen liga para Marian e pede ajuda para convencer Mili a n\u00e3o se mudar para sua casa.<\/p>\n<p>(*) edi\u00e7\u00e3o das novelas do SBT, \u201cChiquititas\u201d, sujeito a altera\u00e7\u00e3o de data e conte\u00fado.<\/p>\n","protected":false},"excerpt":{"rendered":"<p>Resumo da novela \u201cChiquititas\u201d em 17\/06: no cap\u00edtulo 265(*) da novela, Carmen se recorda de quando Jos\u00e9 Ricardo entregou os documentos do banco para Valentina. Carmen sorri aliviada, pois acredita que com essa conta poder\u00e1 largar o tesouro, do testamento falso e se livrar de todo mundo de uma vez. Durante a noite, Helena dorme [&hellip;]<\/p>\n","protected":false},"author":4,"featured_media":195894,"comment_status":"closed","ping_status":"closed","sticky":false,"template":"","format":"standard","meta":{"tdm_status":"","tdm_grid_status":"","footnotes":""},"categories":[409,379,2025,372,343],"tags":[441],"class_list":{"0":"post-207595","1":"post","2":"type-post","3":"status-publish","4":"format-standard","5":"has-post-thumbnail","7":"category-chiquititas","8":"category-novelas","9":"category-resumo","10":"category-sbt","11":"category-televisao","12":"tag-resumo-do-dia"},"_links":{"self":[{"href":"https:\/\/migracao.redenoticia.com.br\/noticia\/wp-json\/wp\/v2\/posts\/207595","targetHints":{"allow":["GET"]}}],"collection":[{"href":"https:\/\/migracao.redenoticia.com.br\/noticia\/wp-json\/wp\/v2\/posts"}],"about":[{"href":"https:\/\/migracao.redenoticia.com.br\/noticia\/wp-json\/wp\/v2\/types\/post"}],"author":[{"embeddable":true,"href":"https:\/\/migracao.redenoticia.com.br\/noticia\/wp-json\/wp\/v2\/users\/4"}],"replies":[{"embeddable":true,"href":"https:\/\/migracao.redenoticia.com.br\/noticia\/wp-json\/wp\/v2\/comments?post=207595"}],"version-history":[{"count":0,"href":"https:\/\/migracao.redenoticia.com.br\/noticia\/wp-json\/wp\/v2\/posts\/207595\/revisions"}],"wp:featuredmedia":[{"embeddable":true,"href":"https:\/\/migracao.redenoticia.com.br\/noticia\/wp-json\/wp\/v2\/media\/195894"}],"wp:attachment":[{"href":"https:\/\/migracao.redenoticia.com.br\/noticia\/wp-json\/wp\/v2\/media?parent=207595"}],"wp:term":[{"taxonomy":"category","embeddable":true,"href":"https:\/\/migracao.redenoticia.com.br\/noticia\/wp-json\/wp\/v2\/categories?post=207595"},{"taxonomy":"post_tag","embeddable":true,"href":"https:\/\/migracao.redenoticia.com.br\/noticia\/wp-json\/wp\/v2\/tags?post=207595"}],"curies":[{"name":"wp","href":"https:\/\/api.w.org\/{rel}","templated":true}]}}