{"id":207597,"date":"2021-06-16T12:15:43","date_gmt":"2021-06-16T15:15:43","guid":{"rendered":"https:\/\/www.redenoticia.com.br\/noticia\/?p=207597"},"modified":"2021-06-16T12:15:43","modified_gmt":"2021-06-16T15:15:43","slug":"resumo-tititi-17-06-stela-envia-foto-com-marcela-e-paulinho-para-renato","status":"publish","type":"post","link":"https:\/\/migracao.redenoticia.com.br\/noticia\/2021\/resumo-tititi-17-06-stela-envia-foto-com-marcela-e-paulinho-para-renato\/207597","title":{"rendered":"Resumo \u201cTiTiTi\u201d 17\/06: Stela envia foto com Marcela e Paulinho para Renato"},"content":{"rendered":"<p><img loading=\"lazy\" decoding=\"async\" src=\"https:\/\/migracao.redenoticia.com.br\/noticia\/imagens\/tititi-elenco-personagens.jpeg\" alt=\"\" width=\"1280\" height=\"720\" class=\"aligncenter size-full wp-image-204657\" srcset=\"https:\/\/migracao.redenoticia.com.br\/noticia\/imagens\/tititi-elenco-personagens.jpeg 1280w, https:\/\/migracao.redenoticia.com.br\/noticia\/imagens\/tititi-elenco-personagens-250x140.jpeg 250w, https:\/\/migracao.redenoticia.com.br\/noticia\/imagens\/tititi-elenco-personagens-400x225.jpeg 400w, https:\/\/migracao.redenoticia.com.br\/noticia\/imagens\/tititi-elenco-personagens-768x432.jpeg 768w, https:\/\/migracao.redenoticia.com.br\/noticia\/imagens\/tititi-elenco-personagens-150x85.jpeg 150w\" sizes=\"auto, (max-width: 1280px) 100vw, 1280px\" \/><\/p>\n<p><em><strong>Resumo da novela \u201cTiTiTi\u201d<\/strong><\/em> em 17\/06: no cap\u00edtulo 059(*) da novela, Julinho surpreende Lu\u00edsa saindo da mans\u00e3o. Stela comenta que Paulinho lembra seu filho quando era beb\u00ea. Gustavo conversa com Suzana e afirma que est\u00e1 tentando resolver a situa\u00e7\u00e3o da Editora. Bruna planeja apresentar Madu a Julinho. Camila confronta Lu\u00edsa no batizado de Paulinho. Amanda \u00e9 exclu\u00edda do casting da Lugar Models e recebe uma proposta de Ariclenes para ser modelo de prova de Valentim.<\/p>\n<p>Lourdes descobre que a Moda Brasil far\u00e1 uma mat\u00e9ria com Victor Valentim. Pedro assedia novamente Gabriela. Clotilde provoca uma briga entre Jacques e Jaqueline. Gino sai com Magali. Breno finge que est\u00e1 passando mal para receber a aten\u00e7\u00e3o de Rebeca. Tha\u00edsa investe em Adriano. Jacques diz a Clotilde que precisa se reconciliar com Jaqueline. Jaqueline procura Ariclenes para se vingar de Jacques e descobre que ele foi fotografado com Clotilde.<\/p>\n<p>Lourdes comenta que o seu contratante esteve na inaugura\u00e7\u00e3o do ateli\u00ea de Valentim e Marta suspeita de que seja algu\u00e9m conhecido. Nicole v\u00ea Gabriela chegando em casa com Pedro. Lourdes aconselha Ariclenes a lan\u00e7ar produtos com a marca Victor Valentim. St\u00e9fany amea\u00e7a revelar o segredo de Dona Mocinha se ela n\u00e3o ajudar Armandinho.<\/p>\n<p>Amanda volta para a casa da m\u00e3e. Jacques procura Jaqueline para se desculpar. L\u00eddia diz a Gustavo que ele ter\u00e1 que vender uma parte da participa\u00e7\u00e3o na Editora para n\u00e3o falir. Armandinho arruma um emprego no bar. Stela tira uma foto com Marcela e Paulinho e envia para Renato.<\/p>\n<p>(*) edi\u00e7\u00e3o das novelas da Globo, \u201cTiTiTi\u201d, sujeito a altera\u00e7\u00e3o de data e conte\u00fado.<\/p>\n<p>Sinopse &#8220;TiTiTi&#8221;: Alexandre Borges e Murilo Ben\u00edcio interpretam os rivais da hist\u00f3ria, respectivamente Jacques Leclair e Victor Valentim, que passam a novela inteira se digladiando para ver quem sobressai no mundo na moda como estilista bem-sucedido, com o nome transformado em grife e as cole\u00e7\u00f5es desfiladas nas grandes semanas de moda e fotografadas para as revistas de celebridades.<\/p>\n","protected":false},"excerpt":{"rendered":"<p>Resumo da novela \u201cTiTiTi\u201d em 17\/06: no cap\u00edtulo 059(*) da novela, Julinho surpreende Lu\u00edsa saindo da mans\u00e3o. Stela comenta que Paulinho lembra seu filho quando era beb\u00ea. Gustavo conversa com Suzana e afirma que est\u00e1 tentando resolver a situa\u00e7\u00e3o da Editora. Bruna planeja apresentar Madu a Julinho. Camila confronta Lu\u00edsa no batizado de Paulinho. Amanda [&hellip;]<\/p>\n","protected":false},"author":4,"featured_media":204655,"comment_status":"closed","ping_status":"closed","sticky":false,"template":"","format":"standard","meta":{"tdm_status":"","tdm_grid_status":"","footnotes":""},"categories":[379,375,2025,343,2193],"tags":[441],"class_list":{"0":"post-207597","1":"post","2":"type-post","3":"status-publish","4":"format-standard","5":"has-post-thumbnail","7":"category-novelas","8":"category-rede-globo","9":"category-resumo","10":"category-televisao","11":"category-tititi","12":"tag-resumo-do-dia"},"_links":{"self":[{"href":"https:\/\/migracao.redenoticia.com.br\/noticia\/wp-json\/wp\/v2\/posts\/207597","targetHints":{"allow":["GET"]}}],"collection":[{"href":"https:\/\/migracao.redenoticia.com.br\/noticia\/wp-json\/wp\/v2\/posts"}],"about":[{"href":"https:\/\/migracao.redenoticia.com.br\/noticia\/wp-json\/wp\/v2\/types\/post"}],"author":[{"embeddable":true,"href":"https:\/\/migracao.redenoticia.com.br\/noticia\/wp-json\/wp\/v2\/users\/4"}],"replies":[{"embeddable":true,"href":"https:\/\/migracao.redenoticia.com.br\/noticia\/wp-json\/wp\/v2\/comments?post=207597"}],"version-history":[{"count":0,"href":"https:\/\/migracao.redenoticia.com.br\/noticia\/wp-json\/wp\/v2\/posts\/207597\/revisions"}],"wp:featuredmedia":[{"embeddable":true,"href":"https:\/\/migracao.redenoticia.com.br\/noticia\/wp-json\/wp\/v2\/media\/204655"}],"wp:attachment":[{"href":"https:\/\/migracao.redenoticia.com.br\/noticia\/wp-json\/wp\/v2\/media?parent=207597"}],"wp:term":[{"taxonomy":"category","embeddable":true,"href":"https:\/\/migracao.redenoticia.com.br\/noticia\/wp-json\/wp\/v2\/categories?post=207597"},{"taxonomy":"post_tag","embeddable":true,"href":"https:\/\/migracao.redenoticia.com.br\/noticia\/wp-json\/wp\/v2\/tags?post=207597"}],"curies":[{"name":"wp","href":"https:\/\/api.w.org\/{rel}","templated":true}]}}