{"id":2076,"date":"2009-05-27T19:23:01","date_gmt":"2009-05-27T23:23:01","guid":{"rendered":"http:\/\/www.redenoticia.com.br\/noticia\/?p=2076"},"modified":"2009-05-27T19:23:01","modified_gmt":"2009-05-27T23:23:01","slug":"plenario-aprova-transferencia-de-terras-para-roraima-e-amapa","status":"publish","type":"post","link":"https:\/\/migracao.redenoticia.com.br\/noticia\/2009\/plenario-aprova-transferencia-de-terras-para-roraima-e-amapa\/2076","title":{"rendered":"Plen\u00e1rio aprova transfer\u00eancia de terras para Roraima e Amap\u00e1"},"content":{"rendered":"<p class=\"MsoNormal\" style=\"margin-bottom: 12pt;\"><span style=\"font-size: 11pt; font-family: Arial;\">O Plen\u00e1rio aprovou as tr\u00eas emendas do Senado \u00e0 Medida Provis\u00f3ria <span style=\"color: windowtext;\">454\/09<\/span>, que viabiliza a transfer\u00eancia efetiva da titularidade de terras da Uni\u00e3o ao estado de Roraima.<\/p>\n<p>As emendas estendem essa regulariza\u00e7\u00e3o ao estado do Amap\u00e1. A mat\u00e9ria ser\u00e1 enviada agora a san\u00e7\u00e3o presidencial.<span><\/span><\/span><\/p>\n<p><span style=\"font-size: 11pt; font-family: Arial; color: windowtext;\">Reportagem &#8211; Eduardo Piovesan<br \/>\nEdi\u00e7\u00e3o &#8211; Jo\u00e3o Pitella Junior<\/span><span style=\"font-size: 11pt; font-family: Arial; color: windowtext;\"><br \/>\nAg\u00eancia C\u00e2mara<\/span><\/p>\n","protected":false},"excerpt":{"rendered":"<p>O Plen\u00e1rio aprovou as tr\u00eas emendas do Senado \u00e0 Medida Provis\u00f3ria 454\/09, que viabiliza a transfer\u00eancia efetiva da titularidade de terras da Uni\u00e3o ao estado de Roraima. As emendas estendem essa regulariza\u00e7\u00e3o ao estado do Amap\u00e1. A mat\u00e9ria ser\u00e1 enviada agora a san\u00e7\u00e3o presidencial. Reportagem &#8211; Eduardo Piovesan Edi\u00e7\u00e3o &#8211; Jo\u00e3o Pitella Junior Ag\u00eancia C\u00e2mara<\/p>\n","protected":false},"author":3,"featured_media":0,"comment_status":"open","ping_status":"open","sticky":false,"template":"","format":"standard","meta":{"tdm_status":"","tdm_grid_status":"","footnotes":""},"categories":[22],"tags":[],"class_list":{"0":"post-2076","1":"post","2":"type-post","3":"status-publish","4":"format-standard","6":"category-brasil"},"_links":{"self":[{"href":"https:\/\/migracao.redenoticia.com.br\/noticia\/wp-json\/wp\/v2\/posts\/2076","targetHints":{"allow":["GET"]}}],"collection":[{"href":"https:\/\/migracao.redenoticia.com.br\/noticia\/wp-json\/wp\/v2\/posts"}],"about":[{"href":"https:\/\/migracao.redenoticia.com.br\/noticia\/wp-json\/wp\/v2\/types\/post"}],"author":[{"embeddable":true,"href":"https:\/\/migracao.redenoticia.com.br\/noticia\/wp-json\/wp\/v2\/users\/3"}],"replies":[{"embeddable":true,"href":"https:\/\/migracao.redenoticia.com.br\/noticia\/wp-json\/wp\/v2\/comments?post=2076"}],"version-history":[{"count":0,"href":"https:\/\/migracao.redenoticia.com.br\/noticia\/wp-json\/wp\/v2\/posts\/2076\/revisions"}],"wp:attachment":[{"href":"https:\/\/migracao.redenoticia.com.br\/noticia\/wp-json\/wp\/v2\/media?parent=2076"}],"wp:term":[{"taxonomy":"category","embeddable":true,"href":"https:\/\/migracao.redenoticia.com.br\/noticia\/wp-json\/wp\/v2\/categories?post=2076"},{"taxonomy":"post_tag","embeddable":true,"href":"https:\/\/migracao.redenoticia.com.br\/noticia\/wp-json\/wp\/v2\/tags?post=2076"}],"curies":[{"name":"wp","href":"https:\/\/api.w.org\/{rel}","templated":true}]}}