{"id":207696,"date":"2021-06-20T15:46:41","date_gmt":"2021-06-20T18:46:41","guid":{"rendered":"https:\/\/www.redenoticia.com.br\/noticia\/?p=207696"},"modified":"2021-06-20T15:46:41","modified_gmt":"2021-06-20T18:46:41","slug":"resumo-chiquititas-21-06-as-meninas-reconhecem-que-erraram-com-mili","status":"publish","type":"post","link":"https:\/\/migracao.redenoticia.com.br\/noticia\/2021\/resumo-chiquititas-21-06-as-meninas-reconhecem-que-erraram-com-mili\/207696","title":{"rendered":"Resumo \u201cChiquititas\u201d 21\/06: As meninas reconhecem que erraram com Mili"},"content":{"rendered":"<p> <img loading=\"lazy\" decoding=\"async\" class=\"aligncenter size-full wp-image-195897\" src=\"https:\/\/migracao.redenoticia.com.br\/noticia\/imagens\/chiquititas-resumo-sinopse.jpg\" alt=\"\" width=\"1280\" height=\"720\" srcset=\"https:\/\/migracao.redenoticia.com.br\/noticia\/imagens\/chiquititas-resumo-sinopse.jpg 1280w, https:\/\/migracao.redenoticia.com.br\/noticia\/imagens\/chiquititas-resumo-sinopse-250x140.jpg 250w, https:\/\/migracao.redenoticia.com.br\/noticia\/imagens\/chiquititas-resumo-sinopse-400x225.jpg 400w, https:\/\/migracao.redenoticia.com.br\/noticia\/imagens\/chiquititas-resumo-sinopse-768x432.jpg 768w, https:\/\/migracao.redenoticia.com.br\/noticia\/imagens\/chiquititas-resumo-sinopse-150x85.jpg 150w, https:\/\/migracao.redenoticia.com.br\/noticia\/imagens\/chiquititas-resumo-sinopse-696x392.jpg 696w, https:\/\/migracao.redenoticia.com.br\/noticia\/imagens\/chiquititas-resumo-sinopse-1068x601.jpg 1068w\" sizes=\"auto, (max-width: 1280px) 100vw, 1280px\" \/><\/p>\n<p><strong><em>Resumo da novela \u201cChiquititas\u201d<\/em><\/strong> em 21\/06: no cap\u00edtulo 268(*) da novela, na escola, Duda e Pata conversam. Bel desculpa Samuca por ter usado o bon\u00e9 que tira a timidez no encontro. Tobias pede demiss\u00e3o para Maria Cec\u00edlia. Ela concorda. Ele fica surpreso, porque sua inten\u00e7\u00e3o n\u00e3o era sair do Caf\u00e9 Boutique e sim que ela fosse contra ao pedido de demiss\u00e3o. Arrasado, Tobias conta para Clarita e Beto. Eles aconselham Tobias, enquanto Maria Cec\u00edlia n\u00e3o o perdoa, a procurar um novo emprego. Tobias diz que vai tentar retomar a carreira de ator, pois o caf\u00e9 o lembra da Cec\u00edlia. Carol comenta com Chico sobre a decis\u00e3o de Mili e diz tamb\u00e9m que sentiu que tem algo incomodando a menina, mas ela n\u00e3o sabe o que. C\u00edcero vai almo\u00e7ar no Orfanato com Tati e Vivi.<\/p>\n<p>Carol pergunta para as meninas se foram elas que convenceram Mili a ficar no Orfanato. Cris diz que sim. Carol explica que elas n\u00e3o podem ter essa atitude ego\u00edsta e que essa mudan\u00e7a pode fazer bem a Mili, porque Gabriela ter\u00e1 todo tempo para cuidar dela. As meninas reconhecem que erraram com Mili. Carmen vai \u00e0 delegacia, fala que foi assaltada por um homem e d\u00e1 as caracter\u00edsticas f\u00edsicas de Miguel. Neco, disfar\u00e7ado, segue novamente Helena. Ele a v\u00ea entrando em casa e deduz que L\u00facia voltou. C\u00edcero chega ao Orfanato para o almo\u00e7o. Helena d\u00e1 sopa e rem\u00e9dios para L\u00facia que est\u00e1 gripada. Neto observa tudo escondido.<\/p>\n<p>As crian\u00e7as conversam com C\u00edcero durante o almo\u00e7o. C\u00edcero convida todos para jantar no Samb\u00e3o. Neco entra no quarto de Lucia para visit\u00e1-la. Vera, m\u00e3e de Clarita, visita a filha no Caf\u00e9 Boutique. Diego liga para o pai, a pedido de Andreia, e o convida para jantar. As meninas conversam com Mili e falam que compreendem a op\u00e7\u00e3o dela de morar com a Gabi. Samuca e Rafa disputam a aten\u00e7\u00e3o de Bel e a convidam para o jantar. Francis pede dicas a Vera para comprar um anel de noivado para Clarita. Carol liga e convida Junior para ir ao jantar, ele explica que j\u00e1 marcou com Diego.<\/p>\n<p>(*) edi\u00e7\u00e3o das novelas do SBT, \u201cChiquititas\u201d, sujeito a altera\u00e7\u00e3o de data e conte\u00fado.<\/p>\n","protected":false},"excerpt":{"rendered":"<p>Resumo da novela \u201cChiquititas\u201d em 21\/06: no cap\u00edtulo 268(*) da novela, na escola, Duda e Pata conversam. Bel desculpa Samuca por ter usado o bon\u00e9 que tira a timidez no encontro. Tobias pede demiss\u00e3o para Maria Cec\u00edlia. Ela concorda. Ele fica surpreso, porque sua inten\u00e7\u00e3o n\u00e3o era sair do Caf\u00e9 Boutique e sim que ela [&hellip;]<\/p>\n","protected":false},"author":2,"featured_media":195894,"comment_status":"closed","ping_status":"closed","sticky":false,"template":"","format":"standard","meta":{"tdm_status":"","tdm_grid_status":"","footnotes":""},"categories":[409,379,2025,372,343],"tags":[441],"class_list":{"0":"post-207696","1":"post","2":"type-post","3":"status-publish","4":"format-standard","5":"has-post-thumbnail","7":"category-chiquititas","8":"category-novelas","9":"category-resumo","10":"category-sbt","11":"category-televisao","12":"tag-resumo-do-dia"},"_links":{"self":[{"href":"https:\/\/migracao.redenoticia.com.br\/noticia\/wp-json\/wp\/v2\/posts\/207696","targetHints":{"allow":["GET"]}}],"collection":[{"href":"https:\/\/migracao.redenoticia.com.br\/noticia\/wp-json\/wp\/v2\/posts"}],"about":[{"href":"https:\/\/migracao.redenoticia.com.br\/noticia\/wp-json\/wp\/v2\/types\/post"}],"author":[{"embeddable":true,"href":"https:\/\/migracao.redenoticia.com.br\/noticia\/wp-json\/wp\/v2\/users\/2"}],"replies":[{"embeddable":true,"href":"https:\/\/migracao.redenoticia.com.br\/noticia\/wp-json\/wp\/v2\/comments?post=207696"}],"version-history":[{"count":0,"href":"https:\/\/migracao.redenoticia.com.br\/noticia\/wp-json\/wp\/v2\/posts\/207696\/revisions"}],"wp:featuredmedia":[{"embeddable":true,"href":"https:\/\/migracao.redenoticia.com.br\/noticia\/wp-json\/wp\/v2\/media\/195894"}],"wp:attachment":[{"href":"https:\/\/migracao.redenoticia.com.br\/noticia\/wp-json\/wp\/v2\/media?parent=207696"}],"wp:term":[{"taxonomy":"category","embeddable":true,"href":"https:\/\/migracao.redenoticia.com.br\/noticia\/wp-json\/wp\/v2\/categories?post=207696"},{"taxonomy":"post_tag","embeddable":true,"href":"https:\/\/migracao.redenoticia.com.br\/noticia\/wp-json\/wp\/v2\/tags?post=207696"}],"curies":[{"name":"wp","href":"https:\/\/api.w.org\/{rel}","templated":true}]}}