{"id":207701,"date":"2021-06-20T15:58:09","date_gmt":"2021-06-20T18:58:09","guid":{"rendered":"https:\/\/www.redenoticia.com.br\/noticia\/?p=207701"},"modified":"2021-06-20T15:58:09","modified_gmt":"2021-06-20T18:58:09","slug":"resumo-salve-se-quem-puder-21-06-mario-afirma-que-confrontara-helena","status":"publish","type":"post","link":"https:\/\/migracao.redenoticia.com.br\/noticia\/2021\/resumo-salve-se-quem-puder-21-06-mario-afirma-que-confrontara-helena\/207701","title":{"rendered":"Resumo \u201cSalve-se Quem Puder\u201d 21\/06: M\u00e1rio afirma que confrontar\u00e1 Helena"},"content":{"rendered":"<p><img loading=\"lazy\" decoding=\"async\" src=\"https:\/\/migracao.redenoticia.com.br\/noticia\/imagens\/resumo-salve-se-quem-puder-resumo-novela-das-sete-novela-da-globo.jpg\" alt=\"\" width=\"1280\" height=\"720\" class=\"aligncenter size-full wp-image-195141\" srcset=\"https:\/\/migracao.redenoticia.com.br\/noticia\/imagens\/resumo-salve-se-quem-puder-resumo-novela-das-sete-novela-da-globo.jpg 1280w, https:\/\/migracao.redenoticia.com.br\/noticia\/imagens\/resumo-salve-se-quem-puder-resumo-novela-das-sete-novela-da-globo-250x140.jpg 250w, https:\/\/migracao.redenoticia.com.br\/noticia\/imagens\/resumo-salve-se-quem-puder-resumo-novela-das-sete-novela-da-globo-400x225.jpg 400w, https:\/\/migracao.redenoticia.com.br\/noticia\/imagens\/resumo-salve-se-quem-puder-resumo-novela-das-sete-novela-da-globo-768x432.jpg 768w, https:\/\/migracao.redenoticia.com.br\/noticia\/imagens\/resumo-salve-se-quem-puder-resumo-novela-das-sete-novela-da-globo-150x85.jpg 150w, https:\/\/migracao.redenoticia.com.br\/noticia\/imagens\/resumo-salve-se-quem-puder-resumo-novela-das-sete-novela-da-globo-696x392.jpg 696w, https:\/\/migracao.redenoticia.com.br\/noticia\/imagens\/resumo-salve-se-quem-puder-resumo-novela-das-sete-novela-da-globo-1068x601.jpg 1068w\" sizes=\"auto, (max-width: 1280px) 100vw, 1280px\" \/><\/p>\n<p><em><strong>Resumo novela \u201cSalve-se Quem Puder\u201d<\/strong><\/em> em 21\/06: no cap\u00edtulo 079(*) da novela, Nanico deixa Kyra desolada, ao dizer que ela ser\u00e1 a primeira a deixar S\u00e3o Paulo. J\u00falia desconfia de Rafael. Alejandro e Gabi temem quando M\u00e1rio afirma que confrontar\u00e1 Helena. Alexia, Luna e Kyra preferem deixar o Programa de Prote\u00e7\u00e3o a se separar. Nanico demite Ermelinda e Zezinho, que decidem continuar a proteger as meninas por conta pr\u00f3pria. Rafael conta a Renzo sobre a noite que teve com J\u00falia.<\/p>\n<p>Kyra e Alan pensam a melhor maneira de contar aos filhos do advogado sobre seu namoro. Rafael informa a Renzo que um dos investidores solicitou auditoria da Labrador. Rafael descobre que J\u00falia \u00e9 a advogada contratada pelo investidor para fazer a auditoria na Labrador. Mosquito e Queen ficam furiosos ao saber que Alan e Kyra\/Cleyde est\u00e3o namorando. Luna surpreende T\u00e9o ao dizer que os dois precisam conversar.<\/p>\n<p>(*) edi\u00e7\u00e3o das novelas da Globo, \u201cSalve-se Quem Puder\u201d, sujeito a altera\u00e7\u00e3o de data e conte\u00fado.<\/p>\n<p>Sinopse \u201cSalve-se Quem Puder\u201d: Tr\u00eas mulheres com novas identidades e uma \u00fanica certeza: suas vidas est\u00e3o entrela\u00e7adas para sempre. Salve-se Quem Puder conta a hist\u00f3ria de Alexia (Deborah Secco), Luna (Juliana Paiva) e Kyra (Vit\u00f3ria Strada), que ingressam no Programa de Prote\u00e7\u00e3o \u00e0 Testemunha e mudam de vida ap\u00f3s presenciarem um crime. Para sobreviver, elas mudam o nome, a apar\u00eancia, o estilo de vida e v\u00e3o morar na fict\u00edcia Judas do Norte, no interior de S\u00e3o Paulo, depois que s\u00e3o dadas como mortas.<\/p>\n<p>Alexia vira Josimara, Luna assume o nome de Fiona e Kyra \u00e9 Cleyde, novas pessoas com um padr\u00e3o de vida bem diferente. Elas ser\u00e3o acolhidas por uma fam\u00edlia protetora &#8211; que n\u00e3o sabe nada sobre o passado delas &#8211; e v\u00e3o precisar seguir regras r\u00edgidas para permanecerem no programa. A primeira delas \u00e9 a interrup\u00e7\u00e3o imediata de qualquer tipo de contato com conhecidos, por isso, celulares e rede sociais s\u00e3o proibidos, assim como frequentar os mesmos lugares e cultivar h\u00e1bitos do passado.<\/p>\n","protected":false},"excerpt":{"rendered":"<p>Resumo novela \u201cSalve-se Quem Puder\u201d em 21\/06: no cap\u00edtulo 079(*) da novela, Nanico deixa Kyra desolada, ao dizer que ela ser\u00e1 a primeira a deixar S\u00e3o Paulo. J\u00falia desconfia de Rafael. Alejandro e Gabi temem quando M\u00e1rio afirma que confrontar\u00e1 Helena. Alexia, Luna e Kyra preferem deixar o Programa de Prote\u00e7\u00e3o a se separar. Nanico [&hellip;]<\/p>\n","protected":false},"author":2,"featured_media":195141,"comment_status":"closed","ping_status":"closed","sticky":false,"template":"","format":"standard","meta":{"tdm_status":"","tdm_grid_status":"","footnotes":""},"categories":[379,375,2025,553,343],"tags":[441],"class_list":{"0":"post-207701","1":"post","2":"type-post","3":"status-publish","4":"format-standard","5":"has-post-thumbnail","7":"category-novelas","8":"category-rede-globo","9":"category-resumo","10":"category-salve-se-quem-puder","11":"category-televisao","12":"tag-resumo-do-dia"},"_links":{"self":[{"href":"https:\/\/migracao.redenoticia.com.br\/noticia\/wp-json\/wp\/v2\/posts\/207701","targetHints":{"allow":["GET"]}}],"collection":[{"href":"https:\/\/migracao.redenoticia.com.br\/noticia\/wp-json\/wp\/v2\/posts"}],"about":[{"href":"https:\/\/migracao.redenoticia.com.br\/noticia\/wp-json\/wp\/v2\/types\/post"}],"author":[{"embeddable":true,"href":"https:\/\/migracao.redenoticia.com.br\/noticia\/wp-json\/wp\/v2\/users\/2"}],"replies":[{"embeddable":true,"href":"https:\/\/migracao.redenoticia.com.br\/noticia\/wp-json\/wp\/v2\/comments?post=207701"}],"version-history":[{"count":0,"href":"https:\/\/migracao.redenoticia.com.br\/noticia\/wp-json\/wp\/v2\/posts\/207701\/revisions"}],"wp:featuredmedia":[{"embeddable":true,"href":"https:\/\/migracao.redenoticia.com.br\/noticia\/wp-json\/wp\/v2\/media\/195141"}],"wp:attachment":[{"href":"https:\/\/migracao.redenoticia.com.br\/noticia\/wp-json\/wp\/v2\/media?parent=207701"}],"wp:term":[{"taxonomy":"category","embeddable":true,"href":"https:\/\/migracao.redenoticia.com.br\/noticia\/wp-json\/wp\/v2\/categories?post=207701"},{"taxonomy":"post_tag","embeddable":true,"href":"https:\/\/migracao.redenoticia.com.br\/noticia\/wp-json\/wp\/v2\/tags?post=207701"}],"curies":[{"name":"wp","href":"https:\/\/api.w.org\/{rel}","templated":true}]}}