{"id":207744,"date":"2021-06-22T17:07:05","date_gmt":"2021-06-22T20:07:05","guid":{"rendered":"https:\/\/www.redenoticia.com.br\/noticia\/?p=207744"},"modified":"2021-06-22T17:07:05","modified_gmt":"2021-06-22T20:07:05","slug":"resumo-imperio-23-06-maria-clara-desiste-de-se-casar-com-enrico","status":"publish","type":"post","link":"https:\/\/migracao.redenoticia.com.br\/noticia\/2021\/resumo-imperio-23-06-maria-clara-desiste-de-se-casar-com-enrico\/207744","title":{"rendered":"Resumo \u201cImp\u00e9rio\u201d 23\/06: Maria Clara desiste de se casar com Enrico"},"content":{"rendered":"<p> <img loading=\"lazy\" decoding=\"async\" class=\"aligncenter size-full wp-image-205063\" src=\"https:\/\/migracao.redenoticia.com.br\/noticia\/imagens\/novela-imperio-resumo-elenco.jpeg\" alt=\"\" width=\"1280\" height=\"720\" srcset=\"https:\/\/migracao.redenoticia.com.br\/noticia\/imagens\/novela-imperio-resumo-elenco.jpeg 1280w, https:\/\/migracao.redenoticia.com.br\/noticia\/imagens\/novela-imperio-resumo-elenco-250x140.jpeg 250w, https:\/\/migracao.redenoticia.com.br\/noticia\/imagens\/novela-imperio-resumo-elenco-400x225.jpeg 400w, https:\/\/migracao.redenoticia.com.br\/noticia\/imagens\/novela-imperio-resumo-elenco-768x432.jpeg 768w, https:\/\/migracao.redenoticia.com.br\/noticia\/imagens\/novela-imperio-resumo-elenco-150x85.jpeg 150w\" sizes=\"auto, (max-width: 1280px) 100vw, 1280px\" \/><\/p>\n<p><em><strong>Resumo novela \u201cImp\u00e9rio\u201d<\/strong><\/em> em 23\/06: no cap\u00edtulo 063(*) da novela, Josu\u00e9 n\u00e3o deixa Jos\u00e9 Alfredo atrapalhar a conversa entre Maria Clara e Enrico. T\u00e9o se anima ao saber que n\u00e3o haver\u00e1 mais casamento. Fernando reclama da falta de ajuda de Cora para reconquistar Cristina. Maria Clara desiste de se casar com Enrico. Magn\u00f3lia reclama que Maria \u00cdsis e Robert\u00e3o n\u00e3o seguem seus conselhos. Enrico decide viajar. Ant\u00f4nio manda Vicente servir comida aos convidados.<\/p>\n<p>Todos se comovem com o discurso de Maria Clara. Cl\u00e1udio procura Enrico. Manoel tenta consolar Du, que chora ao se lembrar de Jo\u00e3o Lucas. Danielle v\u00ea Amanda falando com Jos\u00e9 Pedro e se enfurece. Maur\u00edlio pede para passar a noite com Maria Marta. Jos\u00e9 Alfredo dan\u00e7a com Cristina. Beatriz se desculpa com Maria Marta pelo ocorrido. Cl\u00e1udio encontra Enrico no hotel.<\/p>\n<p>(*) edi\u00e7\u00e3o das novelas da Globo, \u201cImp\u00e9rio\u201d, sujeito a altera\u00e7\u00e3o de data e conte\u00fado.<\/p>\n<p>Sinopse Novela &#8220;Imp\u00e9rio&#8221;: hist\u00f3ria do pernambucano Jos\u00e9 Alfredo de Medeiros (Chay Suede\/Alexandre Nero), o homem de preto. Dono de uma rede de joalherias, o Comendador tem tr\u00eas filhos com a aristocrata falida Maria Marta Mendon\u00e7a e Albuquerque (Adriana Birolli\/Lilia Cabral): Jos\u00e9 Pedro (Caio Blat), Maria Clara (Andreia Horta) e Jo\u00e3o Lucas (Daniel Rocha). Os tr\u00eas disputam a heran\u00e7a da empresa constru\u00edda pelo pai. <\/p>\n","protected":false},"excerpt":{"rendered":"<p>Resumo novela \u201cImp\u00e9rio\u201d em 23\/06: no cap\u00edtulo 063(*) da novela, Josu\u00e9 n\u00e3o deixa Jos\u00e9 Alfredo atrapalhar a conversa entre Maria Clara e Enrico. T\u00e9o se anima ao saber que n\u00e3o haver\u00e1 mais casamento. Fernando reclama da falta de ajuda de Cora para reconquistar Cristina. Maria Clara desiste de se casar com Enrico. Magn\u00f3lia reclama que [&hellip;]<\/p>\n","protected":false},"author":2,"featured_media":205061,"comment_status":"closed","ping_status":"closed","sticky":false,"template":"","format":"standard","meta":{"tdm_status":"","tdm_grid_status":"","footnotes":""},"categories":[2196,379,375,2025,343],"tags":[441],"class_list":{"0":"post-207744","1":"post","2":"type-post","3":"status-publish","4":"format-standard","5":"has-post-thumbnail","7":"category-imperio","8":"category-novelas","9":"category-rede-globo","10":"category-resumo","11":"category-televisao","12":"tag-resumo-do-dia"},"_links":{"self":[{"href":"https:\/\/migracao.redenoticia.com.br\/noticia\/wp-json\/wp\/v2\/posts\/207744","targetHints":{"allow":["GET"]}}],"collection":[{"href":"https:\/\/migracao.redenoticia.com.br\/noticia\/wp-json\/wp\/v2\/posts"}],"about":[{"href":"https:\/\/migracao.redenoticia.com.br\/noticia\/wp-json\/wp\/v2\/types\/post"}],"author":[{"embeddable":true,"href":"https:\/\/migracao.redenoticia.com.br\/noticia\/wp-json\/wp\/v2\/users\/2"}],"replies":[{"embeddable":true,"href":"https:\/\/migracao.redenoticia.com.br\/noticia\/wp-json\/wp\/v2\/comments?post=207744"}],"version-history":[{"count":0,"href":"https:\/\/migracao.redenoticia.com.br\/noticia\/wp-json\/wp\/v2\/posts\/207744\/revisions"}],"wp:featuredmedia":[{"embeddable":true,"href":"https:\/\/migracao.redenoticia.com.br\/noticia\/wp-json\/wp\/v2\/media\/205061"}],"wp:attachment":[{"href":"https:\/\/migracao.redenoticia.com.br\/noticia\/wp-json\/wp\/v2\/media?parent=207744"}],"wp:term":[{"taxonomy":"category","embeddable":true,"href":"https:\/\/migracao.redenoticia.com.br\/noticia\/wp-json\/wp\/v2\/categories?post=207744"},{"taxonomy":"post_tag","embeddable":true,"href":"https:\/\/migracao.redenoticia.com.br\/noticia\/wp-json\/wp\/v2\/tags?post=207744"}],"curies":[{"name":"wp","href":"https:\/\/api.w.org\/{rel}","templated":true}]}}