{"id":207748,"date":"2021-06-22T17:04:22","date_gmt":"2021-06-22T20:04:22","guid":{"rendered":"https:\/\/www.redenoticia.com.br\/noticia\/?p=207748"},"modified":"2021-06-22T17:04:22","modified_gmt":"2021-06-22T20:04:22","slug":"resumo-tititi-23-06-luisa-descobre-que-edgar-planeja-fugir-com-marcela","status":"publish","type":"post","link":"https:\/\/migracao.redenoticia.com.br\/noticia\/2021\/resumo-tititi-23-06-luisa-descobre-que-edgar-planeja-fugir-com-marcela\/207748","title":{"rendered":"Resumo \u201cTiTiTi\u201d 23\/06: Lu\u00edsa descobre que Edgar planeja fugir com Marcela"},"content":{"rendered":"<p> <img loading=\"lazy\" decoding=\"async\" src=\"https:\/\/migracao.redenoticia.com.br\/noticia\/imagens\/tititi-elenco-personagens.jpeg\" alt=\"\" width=\"1280\" height=\"720\" class=\"aligncenter size-full wp-image-204657\" srcset=\"https:\/\/migracao.redenoticia.com.br\/noticia\/imagens\/tititi-elenco-personagens.jpeg 1280w, https:\/\/migracao.redenoticia.com.br\/noticia\/imagens\/tititi-elenco-personagens-250x140.jpeg 250w, https:\/\/migracao.redenoticia.com.br\/noticia\/imagens\/tititi-elenco-personagens-400x225.jpeg 400w, https:\/\/migracao.redenoticia.com.br\/noticia\/imagens\/tititi-elenco-personagens-768x432.jpeg 768w, https:\/\/migracao.redenoticia.com.br\/noticia\/imagens\/tititi-elenco-personagens-150x85.jpeg 150w\" sizes=\"auto, (max-width: 1280px) 100vw, 1280px\" \/><\/p>\n<p><em><strong>Resumo da novela \u201cTiTiTi\u201d<\/strong><\/em> em 23\/06: no cap\u00edtulo 063(*) da novela, Edgar discute com Giancarlo. Jaqueline se revolta e diz a Suzana que Jacques \u00e9 um impostor. Luti sugere que Ariclenes contrate um assistente para Victor Valentim para n\u00e3o depender de Cec\u00edlia. Pedro confessa para Gabriela que est\u00e1 apaixonado por ela e inventa que saiu de casa depois do insulto de seu pai a ela. Jaqueline rouba o carro de Jacques com sua nova cole\u00e7\u00e3o. Breno chega em casa com Rebeca e flagra Tha\u00edsa tentando seduzir Adriano.<\/p>\n<p>Jaqueline vai at\u00e9 uma favela e avisa que \u00e9 amiga do chefe da comunidade, o Massa. Massa ordena que seus comparsas instalem Jaqueline em um flat. Rebeca se oferece para conversar com Tha\u00edsa. Julinho visita as crian\u00e7as no hospital e encontra Dr\u00b0 Eduardo. \u00c2ngelo conta para Amanda que Gabriela foi se encontrar com Pedro. Pedro leva Gabriela para o apartamento de um amigo. Jacques avisa a Tha\u00edsa que Jaqueline sumiu. Desir\u00e9e vai dormir na casa da m\u00e3e. Eduardo acolhe Julinho em sua casa. Bruna n\u00e3o se conforma por ter sido enganada e despreza Gustavo.<\/p>\n<p>Edgar prop\u00f5e a Marcela que eles saiam do pa\u00eds com Paulinho. Giancarlo diz a Renato que est\u00e1 disposto a ajud\u00e1-lo a reconquistar Marcela. Gabriela acorda sozinha no apartamento e encontra um bilhete de Pedro. Pedro chega em casa e conta que passou a noite com Gabriela, e Valqu\u00edria fica chocada. Stela desabafa com Lu\u00edsa sobre Renato. Desir\u00e9e descobre o acordo que Jorgito tinha com Amanda. Valqu\u00edria procura Luti para falar sobre Gabriela. Lu\u00edsa descobre que Edgar planeja fugir para a Europa com Marcela e alerta Giancarlo.<\/p>\n<p>(*) edi\u00e7\u00e3o das novelas da Globo, \u201cTiTiTi\u201d, sujeito a altera\u00e7\u00e3o de data e conte\u00fado.<\/p>\n<p>Sinopse &#8220;TiTiTi&#8221;: Alexandre Borges e Murilo Ben\u00edcio interpretam os rivais da hist\u00f3ria, respectivamente Jacques Leclair e Victor Valentim, que passam a novela inteira se digladiando para ver quem sobressai no mundo na moda como estilista bem-sucedido, com o nome transformado em grife e as cole\u00e7\u00f5es desfiladas nas grandes semanas de moda e fotografadas para as revistas de celebridades.<\/p>\n","protected":false},"excerpt":{"rendered":"<p>Resumo da novela \u201cTiTiTi\u201d em 23\/06: no cap\u00edtulo 063(*) da novela, Edgar discute com Giancarlo. Jaqueline se revolta e diz a Suzana que Jacques \u00e9 um impostor. Luti sugere que Ariclenes contrate um assistente para Victor Valentim para n\u00e3o depender de Cec\u00edlia. Pedro confessa para Gabriela que est\u00e1 apaixonado por ela e inventa que saiu [&hellip;]<\/p>\n","protected":false},"author":2,"featured_media":204655,"comment_status":"closed","ping_status":"closed","sticky":false,"template":"","format":"standard","meta":{"tdm_status":"","tdm_grid_status":"","footnotes":""},"categories":[379,375,2025,343,2193],"tags":[441],"class_list":{"0":"post-207748","1":"post","2":"type-post","3":"status-publish","4":"format-standard","5":"has-post-thumbnail","7":"category-novelas","8":"category-rede-globo","9":"category-resumo","10":"category-televisao","11":"category-tititi","12":"tag-resumo-do-dia"},"_links":{"self":[{"href":"https:\/\/migracao.redenoticia.com.br\/noticia\/wp-json\/wp\/v2\/posts\/207748","targetHints":{"allow":["GET"]}}],"collection":[{"href":"https:\/\/migracao.redenoticia.com.br\/noticia\/wp-json\/wp\/v2\/posts"}],"about":[{"href":"https:\/\/migracao.redenoticia.com.br\/noticia\/wp-json\/wp\/v2\/types\/post"}],"author":[{"embeddable":true,"href":"https:\/\/migracao.redenoticia.com.br\/noticia\/wp-json\/wp\/v2\/users\/2"}],"replies":[{"embeddable":true,"href":"https:\/\/migracao.redenoticia.com.br\/noticia\/wp-json\/wp\/v2\/comments?post=207748"}],"version-history":[{"count":0,"href":"https:\/\/migracao.redenoticia.com.br\/noticia\/wp-json\/wp\/v2\/posts\/207748\/revisions"}],"wp:featuredmedia":[{"embeddable":true,"href":"https:\/\/migracao.redenoticia.com.br\/noticia\/wp-json\/wp\/v2\/media\/204655"}],"wp:attachment":[{"href":"https:\/\/migracao.redenoticia.com.br\/noticia\/wp-json\/wp\/v2\/media?parent=207748"}],"wp:term":[{"taxonomy":"category","embeddable":true,"href":"https:\/\/migracao.redenoticia.com.br\/noticia\/wp-json\/wp\/v2\/categories?post=207748"},{"taxonomy":"post_tag","embeddable":true,"href":"https:\/\/migracao.redenoticia.com.br\/noticia\/wp-json\/wp\/v2\/tags?post=207748"}],"curies":[{"name":"wp","href":"https:\/\/api.w.org\/{rel}","templated":true}]}}