{"id":2078,"date":"2009-05-27T19:26:04","date_gmt":"2009-05-27T23:26:04","guid":{"rendered":"http:\/\/www.redenoticia.com.br\/noticia\/?p=2078"},"modified":"2009-05-27T19:26:04","modified_gmt":"2009-05-27T23:26:04","slug":"aprovada-linha-de-credito-para-mototaxistas-e-trabalhadores","status":"publish","type":"post","link":"https:\/\/migracao.redenoticia.com.br\/noticia\/2009\/aprovada-linha-de-credito-para-mototaxistas-e-trabalhadores\/2078","title":{"rendered":"Aprovada linha de cr\u00e9dito para mototaxistas e trabalhadores"},"content":{"rendered":"<p class=\"MsoNormal\" style=\"margin-bottom: 12pt;\"><span class=\"titulo11\"><\/span><span class=\"assinatura11\"><span style=\"font-size: 11pt; font-family: Arial;\"> <\/span><\/span><\/p>\n<p class=\"MsoNormal\"><span style=\"font-size: 11pt; font-family: Arial;\">O Conselho Deliberativo do Fundo de Amparo ao Trabalhador (Codefat) autorizou a abertura de duas linhas de cr\u00e9dito com recursos do fundo.<\/p>\n<p>Segundo o ministro do Trabalho e Emprego, Carlos Lupi, a primeira, no valor de R$ 100 milh\u00f5es, \u00e9 destinada \u00e0 compra de motocicletas e motonetas por pessoas que usam esse tipo de ve\u00edculo para trabalhar, como os<em> motoboys<\/em>.<\/p>\n<p>A segunda linha de cr\u00e9dito, no valor de R$ 200 milh\u00f5es, destina-se \u00e0 forma\u00e7\u00e3o de capital de giro em empresas de turismo e ser\u00e1 lan\u00e7ada no dia 8 de junho, no Rio de Janeiro, em cerim\u00f4nia que ter\u00e1 tamb\u00e9m a presen\u00e7a do ministro do Turismo, Luiz Barretto.<\/p>\n<p>Na linha de cr\u00e9dito para quem usa motos e motonetas para trabalhar os juros ser\u00e3o de 1% ao m\u00eas, caso o empr\u00e9stimo for feito em 24 parcelas. Na op\u00e7\u00e3o por 36 meses, os juros ser\u00e3o de 1,49% ao m\u00eas e na de 48 meses, a taxa ser\u00e1 de 1,90% ao m\u00eas. <\/span><\/p>\n<p class=\"western\"><span style=\"font-size: 11pt; font-family: Arial; color: windowtext;\">De acordo com o ministro, essa linha de cr\u00e9dito \u00e9 para motos de at\u00e9 150 cilindradas e estar\u00e1 \u00e0 disposi\u00e7\u00e3o dos trabalhadores no in\u00edcio de junho. <\/span><\/p>\n<p class=\"western\"><span style=\"font-size: 11pt; font-family: Arial; color: windowtext;\">\u201cDepois de aprovada pelo conselho, sai a publica\u00e7\u00e3o [<em>no Di\u00e1rio Oficial da Uni\u00e3o<\/em>] e agora \u00e9 uma quest\u00e3o do agente operador, Caixa [<em>Econ\u00f4mica Federal<\/em>] e Banco do Brasil, trabalhar a opera\u00e7\u00e3o de um processo que n\u00e3o demora. Acredito que na primeira semana de junho isso j\u00e1 estar\u00e1 \u00e0 disposi\u00e7\u00e3o do trabalhador\u201d, explicou. <\/span><\/p>\n<p class=\"western\"><span style=\"font-size: 11pt; font-family: Arial; color: windowtext;\">Na linha de cr\u00e9dito para forma\u00e7\u00e3o de capital de giro em empresas da \u00e1rea de turismo, os juros para taxas pr\u00e9-fixadas dever\u00e3o ser de at\u00e9 8,5% ao ano e, para p\u00f3s-fixada, TJLP (6,25) + 2,8% ao ano. Segundo Lupi, o limite m\u00e1ximo de empr\u00e9stimo nessa linha ficar\u00e1 entre R$ 5 mil e R$ 10 mil por empresa. <\/span><\/p>\n<p class=\"MsoNormal\" style=\"margin-bottom: 12pt;\"><span class=\"assinatura11\"><span style=\"font-size: 11pt; font-family: Arial;\">Roberta Lopes <\/span><\/span><span style=\"font-size: 11pt; font-family: Arial;\"><br \/>\n<span class=\"assinatura11\"><em><span style=\"font-family: Arial;\">Rep\u00f3rter da Ag\u00eancia Brasil<\/span><\/em><\/span><span class=\"assinatura11\"><span style=\"font-family: Arial;\"> <\/span><\/span><\/span><\/p>\n","protected":false},"excerpt":{"rendered":"<p>O Conselho Deliberativo do Fundo de Amparo ao Trabalhador (Codefat) autorizou a abertura de duas linhas de cr\u00e9dito com recursos do fundo. Segundo o ministro do Trabalho e Emprego, Carlos Lupi, a primeira, no valor de R$ 100 milh\u00f5es, \u00e9 destinada \u00e0 compra de motocicletas e motonetas por pessoas que usam esse tipo de ve\u00edculo [&hellip;]<\/p>\n","protected":false},"author":3,"featured_media":0,"comment_status":"open","ping_status":"open","sticky":false,"template":"","format":"standard","meta":{"tdm_status":"","tdm_grid_status":"","footnotes":""},"categories":[22],"tags":[],"class_list":{"0":"post-2078","1":"post","2":"type-post","3":"status-publish","4":"format-standard","6":"category-brasil"},"_links":{"self":[{"href":"https:\/\/migracao.redenoticia.com.br\/noticia\/wp-json\/wp\/v2\/posts\/2078","targetHints":{"allow":["GET"]}}],"collection":[{"href":"https:\/\/migracao.redenoticia.com.br\/noticia\/wp-json\/wp\/v2\/posts"}],"about":[{"href":"https:\/\/migracao.redenoticia.com.br\/noticia\/wp-json\/wp\/v2\/types\/post"}],"author":[{"embeddable":true,"href":"https:\/\/migracao.redenoticia.com.br\/noticia\/wp-json\/wp\/v2\/users\/3"}],"replies":[{"embeddable":true,"href":"https:\/\/migracao.redenoticia.com.br\/noticia\/wp-json\/wp\/v2\/comments?post=2078"}],"version-history":[{"count":0,"href":"https:\/\/migracao.redenoticia.com.br\/noticia\/wp-json\/wp\/v2\/posts\/2078\/revisions"}],"wp:attachment":[{"href":"https:\/\/migracao.redenoticia.com.br\/noticia\/wp-json\/wp\/v2\/media?parent=2078"}],"wp:term":[{"taxonomy":"category","embeddable":true,"href":"https:\/\/migracao.redenoticia.com.br\/noticia\/wp-json\/wp\/v2\/categories?post=2078"},{"taxonomy":"post_tag","embeddable":true,"href":"https:\/\/migracao.redenoticia.com.br\/noticia\/wp-json\/wp\/v2\/tags?post=2078"}],"curies":[{"name":"wp","href":"https:\/\/api.w.org\/{rel}","templated":true}]}}