{"id":207815,"date":"2021-06-24T18:47:19","date_gmt":"2021-06-24T21:47:19","guid":{"rendered":"https:\/\/www.redenoticia.com.br\/noticia\/?p=207815"},"modified":"2021-06-24T18:47:19","modified_gmt":"2021-06-24T21:47:19","slug":"resumo-chiquititas-25-06-gabriela-quer-adotar-mili","status":"publish","type":"post","link":"https:\/\/migracao.redenoticia.com.br\/noticia\/2021\/resumo-chiquititas-25-06-gabriela-quer-adotar-mili\/207815","title":{"rendered":"Resumo \u201cChiquititas\u201d 25\/06: Gabriela quer adotar Mili"},"content":{"rendered":"<p> <img loading=\"lazy\" decoding=\"async\" class=\"aligncenter size-full wp-image-195897\" src=\"https:\/\/migracao.redenoticia.com.br\/noticia\/imagens\/chiquititas-resumo-sinopse.jpg\" alt=\"\" width=\"1280\" height=\"720\" srcset=\"https:\/\/migracao.redenoticia.com.br\/noticia\/imagens\/chiquititas-resumo-sinopse.jpg 1280w, https:\/\/migracao.redenoticia.com.br\/noticia\/imagens\/chiquititas-resumo-sinopse-250x140.jpg 250w, https:\/\/migracao.redenoticia.com.br\/noticia\/imagens\/chiquititas-resumo-sinopse-400x225.jpg 400w, https:\/\/migracao.redenoticia.com.br\/noticia\/imagens\/chiquititas-resumo-sinopse-768x432.jpg 768w, https:\/\/migracao.redenoticia.com.br\/noticia\/imagens\/chiquititas-resumo-sinopse-150x85.jpg 150w, https:\/\/migracao.redenoticia.com.br\/noticia\/imagens\/chiquititas-resumo-sinopse-696x392.jpg 696w, https:\/\/migracao.redenoticia.com.br\/noticia\/imagens\/chiquititas-resumo-sinopse-1068x601.jpg 1068w\" sizes=\"auto, (max-width: 1280px) 100vw, 1280px\" \/><\/p>\n<p><strong><em>Resumo da novela \u201cChiquititas\u201d<\/em><\/strong> em 25\/06: no cap\u00edtulo 272(*) da novela, Mili, que ainda est\u00e1 cega, volta a morar no orfanato e conta que adorou o per\u00edodo que ficou na mans\u00e3o dos Almeida Campos, com Gabriela. Mili diz para Carol que decidiu voltar para deixar Gabriela mais \u00e0 vontade com Marian. Mais tarde, Carol conta para Beto que ir\u00e1 fazer um piquenique com Junior para comemorar o anivers\u00e1rio de namoro deles. Mili sonha que volta para a mans\u00e3o dos Almeida Campos e \u00e9 recebida por Gabriela, que diz ter sentido muito a falta dela. Andreia chama Junior para fazerem uma atividade junto com Diego. Junior vai at\u00e9 outra sala. Andreia v\u00ea uma mensagem no celular de Junior enviada por Carol lembrando o namorado de que ir\u00e3o fazer um piquenique. Andreia apaga a mensagem. Junior volta para a sala dele no Caf\u00e9 Boutique e Andreia insiste para sa\u00edrem com Diego. Junior aceita.<\/p>\n<p>Duda vai visitar sua namorada, Pata. Mosca diz para o garoto cuidar bem de sua irm\u00e3. Neco est\u00e1 preocupado com L\u00facia, que est\u00e1 doente. No parque, Carol arruma as coisas para o piquenique, mas estranha a demora do namorado. Carol avista Junior com Andreia e Diego e fica triste ao notar que Junior esqueceu do anivers\u00e1rio de namoro dos dois. Gabriela diz para Carmen que ir\u00e1 adotar Mili. Carmen acha tudo um absurdo e diz que Marian n\u00e3o ir\u00e1 gostar da not\u00edcia. Gabriela responde que ela dar\u00e1 um jeito e se preciso for se mudar\u00e1 com as duas. Bia est\u00e1 aflita por Juca n\u00e3o mandar nenhuma mensagem para ela. Cris sugere que Vivi v\u00e1 at\u00e9 o \u201cSamb\u00e3o\u201d falar com o pai, assim Bia pode ir junto e conversar com Juca, que tamb\u00e9m trabalha l\u00e1.<\/p>\n<p>Duda passeia com Pata pela comunidade, mas o garoto n\u00e3o se sente \u00e0 vontade por achar a regi\u00e3o perigosa. Pata tenta acalmar o namorado e diz que a comunidade n\u00e3o \u00e9 perigosa. Carol volta para o orfanato triste por Junior ter se esquecido do encontro deles. Chico conversa com a diretora do Raio de Luz e Dani se revolta com a atitude de Junior ao escutar sobre o ocorrido. Gabriela vai at\u00e9 o orfanato Raio de Luz falar com Mili e diz que sente saudade dela. Gabriela revela que gostaria de adot\u00e1-la como filha. Mili diz que fica feliz com a ideia, mas que seria complicado para as amigas do orfanato e at\u00e9 para Marian. Gabriela garante que Mili tem todo o tempo para pensar sobre a proposta, mas que gostaria que ela voltasse a morar na mans\u00e3o.<\/p>\n<p>Fernando vai at\u00e9 o Raio de Luz e diz que Carol n\u00e3o parece estar bem. Fernando garante que n\u00e3o quer ver Carol magoada e que Junior cometeu um grande erro ao esquecer o anivers\u00e1rio de namoro dos dois para ficar com a ex-namorada. Junior lembra que se esqueceu do anivers\u00e1rio de namoro e leva flores para Carol, que agradece, embora deixe claro que est\u00e1 magoada com o fato de ter visto Junior fazendo piquenique com Andreia. No \u201cSamb\u00e3o\u201d do C\u00edcero, Bia descobre que Juca n\u00e3o mandou mensagem por estar trabalhando demais para juntar dinheiro e assim levar ela para um lugar especial. Gabriela leva Mili at\u00e9 a mans\u00e3o dos Almeida Campos e anuncia que ir\u00e1 adotar a chiquitita. Marian finge ter ficado magoada ao pensar que Gabriela n\u00e3o gostou que ela \u00e9 sua filha.<\/p>\n<p>(*) edi\u00e7\u00e3o das novelas do SBT, \u201cChiquititas\u201d, sujeito a altera\u00e7\u00e3o de data e conte\u00fado.<\/p>\n","protected":false},"excerpt":{"rendered":"<p>Resumo da novela \u201cChiquititas\u201d em 25\/06: no cap\u00edtulo 272(*) da novela, Mili, que ainda est\u00e1 cega, volta a morar no orfanato e conta que adorou o per\u00edodo que ficou na mans\u00e3o dos Almeida Campos, com Gabriela. Mili diz para Carol que decidiu voltar para deixar Gabriela mais \u00e0 vontade com Marian. Mais tarde, Carol conta [&hellip;]<\/p>\n","protected":false},"author":2,"featured_media":195894,"comment_status":"closed","ping_status":"closed","sticky":false,"template":"","format":"standard","meta":{"tdm_status":"","tdm_grid_status":"","footnotes":""},"categories":[409,379,2025,372,343],"tags":[441],"class_list":{"0":"post-207815","1":"post","2":"type-post","3":"status-publish","4":"format-standard","5":"has-post-thumbnail","7":"category-chiquititas","8":"category-novelas","9":"category-resumo","10":"category-sbt","11":"category-televisao","12":"tag-resumo-do-dia"},"_links":{"self":[{"href":"https:\/\/migracao.redenoticia.com.br\/noticia\/wp-json\/wp\/v2\/posts\/207815","targetHints":{"allow":["GET"]}}],"collection":[{"href":"https:\/\/migracao.redenoticia.com.br\/noticia\/wp-json\/wp\/v2\/posts"}],"about":[{"href":"https:\/\/migracao.redenoticia.com.br\/noticia\/wp-json\/wp\/v2\/types\/post"}],"author":[{"embeddable":true,"href":"https:\/\/migracao.redenoticia.com.br\/noticia\/wp-json\/wp\/v2\/users\/2"}],"replies":[{"embeddable":true,"href":"https:\/\/migracao.redenoticia.com.br\/noticia\/wp-json\/wp\/v2\/comments?post=207815"}],"version-history":[{"count":0,"href":"https:\/\/migracao.redenoticia.com.br\/noticia\/wp-json\/wp\/v2\/posts\/207815\/revisions"}],"wp:featuredmedia":[{"embeddable":true,"href":"https:\/\/migracao.redenoticia.com.br\/noticia\/wp-json\/wp\/v2\/media\/195894"}],"wp:attachment":[{"href":"https:\/\/migracao.redenoticia.com.br\/noticia\/wp-json\/wp\/v2\/media?parent=207815"}],"wp:term":[{"taxonomy":"category","embeddable":true,"href":"https:\/\/migracao.redenoticia.com.br\/noticia\/wp-json\/wp\/v2\/categories?post=207815"},{"taxonomy":"post_tag","embeddable":true,"href":"https:\/\/migracao.redenoticia.com.br\/noticia\/wp-json\/wp\/v2\/tags?post=207815"}],"curies":[{"name":"wp","href":"https:\/\/api.w.org\/{rel}","templated":true}]}}